{"id":912,"date":"2018-09-07T12:52:34","date_gmt":"2018-09-07T15:52:34","guid":{"rendered":"https:\/\/www.ude.edu.ar\/areacultural\/?p=912"},"modified":"2019-05-16T15:29:22","modified_gmt":"2019-05-16T18:29:22","slug":"dispara-ciclo-acustico","status":"publish","type":"post","link":"https:\/\/www.ude.edu.ar\/areacultural\/2018\/09\/07\/dispara-ciclo-acustico\/","title":{"rendered":"Dispara &#8211; Ciclo Ac\u00fastico"},"content":{"rendered":"<p><img loading=\"lazy\" decoding=\"async\" class=\"wp-image-913 alignnone\" src=\"https:\/\/www.ude.edu.ar\/areacultural\/wp-content\/uploads\/sites\/3\/2019\/05\/banner-web-300x69.png\" alt=\"\" width=\"1187\" height=\"273\" srcset=\"https:\/\/www.ude.edu.ar\/areacultural\/wp-content\/uploads\/sites\/3\/2019\/05\/banner-web-300x69.png 300w, https:\/\/www.ude.edu.ar\/areacultural\/wp-content\/uploads\/sites\/3\/2019\/05\/banner-web-1024x237.png 1024w\" sizes=\"(max-width: 709px) 85vw, (max-width: 909px) 67vw, (max-width: 1362px) 62vw, 840px\" \/><\/p>\n<p>El viernes 7 de Septiembre se present\u00f3 en nuestro Auditorio el D\u00fao Ac\u00fastico Electr\u00f3nico \u00a0&#8220;DISPARA!&#8221;<\/p>\n<p>Dicha presentaci\u00f3n se realiz\u00f3 dentro del programa cultural <strong>&#8220;Ac\u00fasticosUDE&#8221;<\/strong><\/p>\n<p>La banda integrada por Gabriel \u00c1lvarez y Leandro Tacconi recre\u00f3 el cancionero del Rock argentino con reversiones propias.<br \/>\n@leantacconi : Guitarra y voz<br \/>\n@gabrielmensajero : Acorde\u00f3n, teclados y voz<div class=\"rl-gallery-container rl-loading\" id=\"rl-gallery-container-1\" data-gallery_id=\"919\"> <div class=\"rl-gallery rl-basicgrid-gallery \" id=\"rl-gallery-1\" data-gallery_no=\"1\"> <div class=\"rl-gallery-item\"><a href=\"https:\/\/www.ude.edu.ar\/areacultural\/wp-content\/uploads\/sites\/3\/2019\/05\/6-1024x683.jpg\" title=\"\" data-rl_title=\"\" class=\"rl-gallery-link\" data-rl_caption=\"\" data-rel=\"lightbox-gallery-1\"><img loading=\"lazy\" decoding=\"async\" src=\"https:\/\/www.ude.edu.ar\/areacultural\/wp-content\/uploads\/sites\/3\/2019\/05\/6-1024x683-300x200.jpg\" width=\"300\" height=\"200\" alt=\"\"\/><\/a><\/div><div class=\"rl-gallery-item\"><a href=\"https:\/\/www.ude.edu.ar\/areacultural\/wp-content\/uploads\/sites\/3\/2019\/05\/2-1024x683.jpg\" title=\"\" data-rl_title=\"\" class=\"rl-gallery-link\" data-rl_caption=\"\" data-rel=\"lightbox-gallery-1\"><img loading=\"lazy\" decoding=\"async\" src=\"https:\/\/www.ude.edu.ar\/areacultural\/wp-content\/uploads\/sites\/3\/2019\/05\/2-1024x683-300x200.jpg\" width=\"300\" height=\"200\" alt=\"\"\/><\/a><\/div><div class=\"rl-gallery-item\"><a href=\"https:\/\/www.ude.edu.ar\/areacultural\/wp-content\/uploads\/sites\/3\/2019\/05\/1-1024x683.jpg\" title=\"\" data-rl_title=\"\" class=\"rl-gallery-link\" data-rl_caption=\"\" data-rel=\"lightbox-gallery-1\"><img loading=\"lazy\" decoding=\"async\" src=\"https:\/\/www.ude.edu.ar\/areacultural\/wp-content\/uploads\/sites\/3\/2019\/05\/1-1024x683-300x200.jpg\" width=\"300\" height=\"200\" alt=\"\"\/><\/a><\/div><div class=\"rl-gallery-item\"><a href=\"https:\/\/www.ude.edu.ar\/areacultural\/wp-content\/uploads\/sites\/3\/2019\/05\/4-1024x683.jpg\" title=\"\" data-rl_title=\"\" class=\"rl-gallery-link\" data-rl_caption=\"\" data-rel=\"lightbox-gallery-1\"><img loading=\"lazy\" decoding=\"async\" src=\"https:\/\/www.ude.edu.ar\/areacultural\/wp-content\/uploads\/sites\/3\/2019\/05\/4-1024x683-300x200.jpg\" width=\"300\" height=\"200\" alt=\"\"\/><\/a><\/div> <\/div> <\/div><\/p>\n<p>&nbsp;<\/p>\n<p>&nbsp;<\/p>\n<p>&nbsp;<\/p>\n<h3>Conocelos!<\/h3>\n<p>Facebook _\u00a0<a href=\"https:\/\/www.facebook.com\/dispara.ok\/\" target=\"_blank\" rel=\"noopener noreferrer\">Dispara OK<\/a><br \/>\nInstagram _ <a href=\"https:\/\/www.instagram.com\/dispara.ok\/\">DISPARAOK<\/a><br \/>\nYouTube _ <a href=\"https:\/\/l.facebook.com\/l.php?u=https%3A%2F%2Fgoo.gl%2Fgboh8E&amp;h=AT2TntZiYp3irji47MGPIiX8x8ZBBkRFdiOhWvDozGnOiT2PyLokIcZR6GrXiAG3Ip-WPLsI-euUwMe0EuFiknfa_C0qaYbeBayq-6Y7xt_DyCjIxZxyj6fXnByFjrYU\">DisparaBand<\/a><\/p>\n<p>&#x1f4e2;\u00a0<a href=\"https:\/\/www.facebook.com\/hashtag\/escenarioabierto\" target=\"_blank\" rel=\"noopener noreferrer\">#EscenarioAbierto<\/a>\u00a0para estudiantes de la UDE y artistas locales.<\/p>\n","protected":false},"excerpt":{"rendered":"<p>El viernes 7 de Septiembre se present\u00f3 en nuestro Auditorio el D\u00fao Ac\u00fastico Electr\u00f3nico \u00a0&#8220;DISPARA!&#8221; Dicha presentaci\u00f3n se realiz\u00f3 dentro del programa cultural &#8220;Ac\u00fasticosUDE&#8221; La banda integrada por Gabriel \u00c1lvarez y Leandro Tacconi recre\u00f3 el cancionero del Rock argentino con reversiones propias. @leantacconi : Guitarra y voz @gabrielmensajero : Acorde\u00f3n, teclados y voz &nbsp; &nbsp; &hellip; <a href=\"https:\/\/www.ude.edu.ar\/areacultural\/2018\/09\/07\/dispara-ciclo-acustico\/\" class=\"more-link\">Continuar leyendo<span class=\"screen-reader-text\"> &#8220;Dispara &#8211; Ciclo Ac\u00fastico&#8221;<\/span><\/a><\/p>\n","protected":false},"author":2,"featured_media":0,"comment_status":"closed","ping_status":"closed","sticky":false,"template":"","format":"standard","meta":{"_acf_changed":false,"footnotes":""},"categories":[1],"tags":[],"acf":[],"yoast_head":"<!-- This site is optimized with the Yoast SEO plugin v22.8 - https:\/\/yoast.com\/wordpress\/plugins\/seo\/ -->\n<title>Dispara - Ciclo Ac\u00fastico - UDE | \u00c1rea Cultural<\/title>\n<meta name=\"robots\" content=\"index, follow, max-snippet:-1, max-image-preview:large, max-video-preview:-1\" \/>\n<link rel=\"canonical\" href=\"https:\/\/www.ude.edu.ar\/areacultural\/2018\/09\/07\/dispara-ciclo-acustico\/\" \/>\n<meta property=\"og:locale\" content=\"es_ES\" \/>\n<meta property=\"og:type\" content=\"article\" \/>\n<meta property=\"og:title\" content=\"Dispara - Ciclo Ac\u00fastico - UDE | \u00c1rea Cultural\" \/>\n<meta property=\"og:description\" content=\"El viernes 7 de Septiembre se present\u00f3 en nuestro Auditorio el D\u00fao Ac\u00fastico Electr\u00f3nico \u00a0&#8220;DISPARA!&#8221; Dicha presentaci\u00f3n se realiz\u00f3 dentro del programa cultural &#8220;Ac\u00fasticosUDE&#8221; La banda integrada por Gabriel \u00c1lvarez y Leandro Tacconi recre\u00f3 el cancionero del Rock argentino con reversiones propias. @leantacconi : Guitarra y voz @gabrielmensajero : Acorde\u00f3n, teclados y voz &nbsp; &nbsp; &hellip; Continuar leyendo &quot;Dispara &#8211; Ciclo Ac\u00fastico&quot;\" \/>\n<meta property=\"og:url\" content=\"https:\/\/www.ude.edu.ar\/areacultural\/2018\/09\/07\/dispara-ciclo-acustico\/\" \/>\n<meta property=\"og:site_name\" content=\"UDE | \u00c1rea Cultural\" \/>\n<meta property=\"article:published_time\" content=\"2018-09-07T15:52:34+00:00\" \/>\n<meta property=\"article:modified_time\" content=\"2019-05-16T18:29:22+00:00\" \/>\n<meta property=\"og:image\" content=\"https:\/\/www.ude.edu.ar\/areacultural\/wp-content\/uploads\/sites\/3\/2019\/05\/banner-web-300x69.png\" \/>\n<meta name=\"author\" content=\"ude-admin\" \/>\n<meta name=\"twitter:card\" content=\"summary_large_image\" \/>\n<meta name=\"twitter:label1\" content=\"Escrito por\" \/>\n\t<meta name=\"twitter:data1\" content=\"ude-admin\" \/>\n<script type=\"application\/ld+json\" class=\"yoast-schema-graph\">{\"@context\":\"https:\/\/schema.org\",\"@graph\":[{\"@type\":\"WebPage\",\"@id\":\"https:\/\/www.ude.edu.ar\/areacultural\/2018\/09\/07\/dispara-ciclo-acustico\/\",\"url\":\"https:\/\/www.ude.edu.ar\/areacultural\/2018\/09\/07\/dispara-ciclo-acustico\/\",\"name\":\"Dispara - Ciclo Ac\u00fastico - UDE | \u00c1rea Cultural\",\"isPartOf\":{\"@id\":\"https:\/\/www.ude.edu.ar\/areacultural\/#website\"},\"primaryImageOfPage\":{\"@id\":\"https:\/\/www.ude.edu.ar\/areacultural\/2018\/09\/07\/dispara-ciclo-acustico\/#primaryimage\"},\"image\":{\"@id\":\"https:\/\/www.ude.edu.ar\/areacultural\/2018\/09\/07\/dispara-ciclo-acustico\/#primaryimage\"},\"thumbnailUrl\":\"https:\/\/www.ude.edu.ar\/areacultural\/wp-content\/uploads\/sites\/3\/2019\/05\/banner-web-300x69.png\",\"datePublished\":\"2018-09-07T15:52:34+00:00\",\"dateModified\":\"2019-05-16T18:29:22+00:00\",\"author\":{\"@id\":\"https:\/\/www.ude.edu.ar\/areacultural\/#\/schema\/person\/1b5e3fb142db28f2317fe6ab4363e1ba\"},\"breadcrumb\":{\"@id\":\"https:\/\/www.ude.edu.ar\/areacultural\/2018\/09\/07\/dispara-ciclo-acustico\/#breadcrumb\"},\"inLanguage\":\"es-AR\",\"potentialAction\":[{\"@type\":\"ReadAction\",\"target\":[\"https:\/\/www.ude.edu.ar\/areacultural\/2018\/09\/07\/dispara-ciclo-acustico\/\"]}]},{\"@type\":\"ImageObject\",\"inLanguage\":\"es-AR\",\"@id\":\"https:\/\/www.ude.edu.ar\/areacultural\/2018\/09\/07\/dispara-ciclo-acustico\/#primaryimage\",\"url\":\"https:\/\/www.ude.edu.ar\/areacultural\/wp-content\/uploads\/sites\/3\/2019\/05\/banner-web.png\",\"contentUrl\":\"https:\/\/www.ude.edu.ar\/areacultural\/wp-content\/uploads\/sites\/3\/2019\/05\/banner-web.png\",\"width\":1993,\"height\":461},{\"@type\":\"BreadcrumbList\",\"@id\":\"https:\/\/www.ude.edu.ar\/areacultural\/2018\/09\/07\/dispara-ciclo-acustico\/#breadcrumb\",\"itemListElement\":[{\"@type\":\"ListItem\",\"position\":1,\"name\":\"Home\",\"item\":\"https:\/\/www.ude.edu.ar\/areacultural\/\"},{\"@type\":\"ListItem\",\"position\":2,\"name\":\"Dispara &#8211; Ciclo Ac\u00fastico\"}]},{\"@type\":\"WebSite\",\"@id\":\"https:\/\/www.ude.edu.ar\/areacultural\/#website\",\"url\":\"https:\/\/www.ude.edu.ar\/areacultural\/\",\"name\":\"UDE | \u00c1rea Cultural\",\"description\":\"\u00c1rea Cultural de la Universidad del Este\",\"potentialAction\":[{\"@type\":\"SearchAction\",\"target\":{\"@type\":\"EntryPoint\",\"urlTemplate\":\"https:\/\/www.ude.edu.ar\/areacultural\/?s={search_term_string}\"},\"query-input\":\"required name=search_term_string\"}],\"inLanguage\":\"es-AR\"},{\"@type\":\"Person\",\"@id\":\"https:\/\/www.ude.edu.ar\/areacultural\/#\/schema\/person\/1b5e3fb142db28f2317fe6ab4363e1ba\",\"name\":\"ude-admin\",\"image\":{\"@type\":\"ImageObject\",\"inLanguage\":\"es-AR\",\"@id\":\"https:\/\/www.ude.edu.ar\/areacultural\/#\/schema\/person\/image\/\",\"url\":\"https:\/\/www.ude.edu.ar\/areacultural\/wp-content\/uploads\/sites\/3\/2016\/04\/logo_512-96x96.jpg\",\"contentUrl\":\"https:\/\/www.ude.edu.ar\/areacultural\/wp-content\/uploads\/sites\/3\/2016\/04\/logo_512-96x96.jpg\",\"caption\":\"ude-admin\"},\"url\":\"https:\/\/www.ude.edu.ar\/areacultural\/author\/ude-admin\/\"}]}<\/script>\n<!-- \/ Yoast SEO plugin. -->","yoast_head_json":{"title":"Dispara - Ciclo Ac\u00fastico - UDE | \u00c1rea Cultural","robots":{"index":"index","follow":"follow","max-snippet":"max-snippet:-1","max-image-preview":"max-image-preview:large","max-video-preview":"max-video-preview:-1"},"canonical":"https:\/\/www.ude.edu.ar\/areacultural\/2018\/09\/07\/dispara-ciclo-acustico\/","og_locale":"es_ES","og_type":"article","og_title":"Dispara - Ciclo Ac\u00fastico - UDE | \u00c1rea Cultural","og_description":"El viernes 7 de Septiembre se present\u00f3 en nuestro Auditorio el D\u00fao Ac\u00fastico Electr\u00f3nico \u00a0&#8220;DISPARA!&#8221; Dicha presentaci\u00f3n se realiz\u00f3 dentro del programa cultural &#8220;Ac\u00fasticosUDE&#8221; La banda integrada por Gabriel \u00c1lvarez y Leandro Tacconi recre\u00f3 el cancionero del Rock argentino con reversiones propias. @leantacconi : Guitarra y voz @gabrielmensajero : Acorde\u00f3n, teclados y voz &nbsp; &nbsp; &hellip; Continuar leyendo \"Dispara &#8211; Ciclo Ac\u00fastico\"","og_url":"https:\/\/www.ude.edu.ar\/areacultural\/2018\/09\/07\/dispara-ciclo-acustico\/","og_site_name":"UDE | \u00c1rea Cultural","article_published_time":"2018-09-07T15:52:34+00:00","article_modified_time":"2019-05-16T18:29:22+00:00","og_image":[{"url":"https:\/\/www.ude.edu.ar\/areacultural\/wp-content\/uploads\/sites\/3\/2019\/05\/banner-web-300x69.png"}],"author":"ude-admin","twitter_card":"summary_large_image","twitter_misc":{"Escrito por":"ude-admin"},"schema":{"@context":"https:\/\/schema.org","@graph":[{"@type":"WebPage","@id":"https:\/\/www.ude.edu.ar\/areacultural\/2018\/09\/07\/dispara-ciclo-acustico\/","url":"https:\/\/www.ude.edu.ar\/areacultural\/2018\/09\/07\/dispara-ciclo-acustico\/","name":"Dispara - Ciclo Ac\u00fastico - UDE | \u00c1rea Cultural","isPartOf":{"@id":"https:\/\/www.ude.edu.ar\/areacultural\/#website"},"primaryImageOfPage":{"@id":"https:\/\/www.ude.edu.ar\/areacultural\/2018\/09\/07\/dispara-ciclo-acustico\/#primaryimage"},"image":{"@id":"https:\/\/www.ude.edu.ar\/areacultural\/2018\/09\/07\/dispara-ciclo-acustico\/#primaryimage"},"thumbnailUrl":"https:\/\/www.ude.edu.ar\/areacultural\/wp-content\/uploads\/sites\/3\/2019\/05\/banner-web-300x69.png","datePublished":"2018-09-07T15:52:34+00:00","dateModified":"2019-05-16T18:29:22+00:00","author":{"@id":"https:\/\/www.ude.edu.ar\/areacultural\/#\/schema\/person\/1b5e3fb142db28f2317fe6ab4363e1ba"},"breadcrumb":{"@id":"https:\/\/www.ude.edu.ar\/areacultural\/2018\/09\/07\/dispara-ciclo-acustico\/#breadcrumb"},"inLanguage":"es-AR","potentialAction":[{"@type":"ReadAction","target":["https:\/\/www.ude.edu.ar\/areacultural\/2018\/09\/07\/dispara-ciclo-acustico\/"]}]},{"@type":"ImageObject","inLanguage":"es-AR","@id":"https:\/\/www.ude.edu.ar\/areacultural\/2018\/09\/07\/dispara-ciclo-acustico\/#primaryimage","url":"https:\/\/www.ude.edu.ar\/areacultural\/wp-content\/uploads\/sites\/3\/2019\/05\/banner-web.png","contentUrl":"https:\/\/www.ude.edu.ar\/areacultural\/wp-content\/uploads\/sites\/3\/2019\/05\/banner-web.png","width":1993,"height":461},{"@type":"BreadcrumbList","@id":"https:\/\/www.ude.edu.ar\/areacultural\/2018\/09\/07\/dispara-ciclo-acustico\/#breadcrumb","itemListElement":[{"@type":"ListItem","position":1,"name":"Home","item":"https:\/\/www.ude.edu.ar\/areacultural\/"},{"@type":"ListItem","position":2,"name":"Dispara &#8211; Ciclo Ac\u00fastico"}]},{"@type":"WebSite","@id":"https:\/\/www.ude.edu.ar\/areacultural\/#website","url":"https:\/\/www.ude.edu.ar\/areacultural\/","name":"UDE | \u00c1rea Cultural","description":"\u00c1rea Cultural de la Universidad del Este","potentialAction":[{"@type":"SearchAction","target":{"@type":"EntryPoint","urlTemplate":"https:\/\/www.ude.edu.ar\/areacultural\/?s={search_term_string}"},"query-input":"required name=search_term_string"}],"inLanguage":"es-AR"},{"@type":"Person","@id":"https:\/\/www.ude.edu.ar\/areacultural\/#\/schema\/person\/1b5e3fb142db28f2317fe6ab4363e1ba","name":"ude-admin","image":{"@type":"ImageObject","inLanguage":"es-AR","@id":"https:\/\/www.ude.edu.ar\/areacultural\/#\/schema\/person\/image\/","url":"https:\/\/www.ude.edu.ar\/areacultural\/wp-content\/uploads\/sites\/3\/2016\/04\/logo_512-96x96.jpg","contentUrl":"https:\/\/www.ude.edu.ar\/areacultural\/wp-content\/uploads\/sites\/3\/2016\/04\/logo_512-96x96.jpg","caption":"ude-admin"},"url":"https:\/\/www.ude.edu.ar\/areacultural\/author\/ude-admin\/"}]}},"_links":{"self":[{"href":"https:\/\/www.ude.edu.ar\/areacultural\/wp-json\/wp\/v2\/posts\/912"}],"collection":[{"href":"https:\/\/www.ude.edu.ar\/areacultural\/wp-json\/wp\/v2\/posts"}],"about":[{"href":"https:\/\/www.ude.edu.ar\/areacultural\/wp-json\/wp\/v2\/types\/post"}],"author":[{"embeddable":true,"href":"https:\/\/www.ude.edu.ar\/areacultural\/wp-json\/wp\/v2\/users\/2"}],"replies":[{"embeddable":true,"href":"https:\/\/www.ude.edu.ar\/areacultural\/wp-json\/wp\/v2\/comments?post=912"}],"version-history":[{"count":6,"href":"https:\/\/www.ude.edu.ar\/areacultural\/wp-json\/wp\/v2\/posts\/912\/revisions"}],"predecessor-version":[{"id":926,"href":"https:\/\/www.ude.edu.ar\/areacultural\/wp-json\/wp\/v2\/posts\/912\/revisions\/926"}],"wp:attachment":[{"href":"https:\/\/www.ude.edu.ar\/areacultural\/wp-json\/wp\/v2\/media?parent=912"}],"wp:term":[{"taxonomy":"category","embeddable":true,"href":"https:\/\/www.ude.edu.ar\/areacultural\/wp-json\/wp\/v2\/categories?post=912"},{"taxonomy":"post_tag","embeddable":true,"href":"https:\/\/www.ude.edu.ar\/areacultural\/wp-json\/wp\/v2\/tags?post=912"}],"curies":[{"name":"wp","href":"https:\/\/api.w.org\/{rel}","templated":true}]}}