{"id":843,"date":"2017-11-13T15:29:43","date_gmt":"2017-11-13T18:29:43","guid":{"rendered":"https:\/\/www.ude.edu.ar\/areacultural\/?p=843"},"modified":"2017-12-19T13:03:29","modified_gmt":"2017-12-19T16:03:29","slug":"exposicion-de-lo-oculto","status":"publish","type":"post","link":"https:\/\/www.ude.edu.ar\/areacultural\/2017\/11\/13\/exposicion-de-lo-oculto\/","title":{"rendered":"Exposici\u00f3n: &#8220;De lo oculto&#8221;"},"content":{"rendered":"<p>| <strong>FECHA:<\/strong>\u00a0Jueves 16\/11, 19 hs.<\/p>\n<p><img decoding=\"async\" class=\"aligncenter size-full wp-image-844\" src=\"https:\/\/www.ude.edu.ar\/areacultural\/wp-content\/uploads\/sites\/3\/2017\/11\/web-oculto.png\" alt=\"\" width=\"100%\" srcset=\"https:\/\/www.ude.edu.ar\/areacultural\/wp-content\/uploads\/sites\/3\/2017\/11\/web-oculto.png 1041w, https:\/\/www.ude.edu.ar\/areacultural\/wp-content\/uploads\/sites\/3\/2017\/11\/web-oculto-300x69.png 300w, https:\/\/www.ude.edu.ar\/areacultural\/wp-content\/uploads\/sites\/3\/2017\/11\/web-oculto-1024x237.png 1024w\" sizes=\"(max-width: 709px) 85vw, (max-width: 909px) 67vw, (max-width: 1362px) 62vw, 840px\" \/><\/p>\n<p>Te invitamos a disfrutar de la e<span class=\"_5afx\"><span class=\"_58cm\">xposici\u00f3n<\/span><\/span>\u00a0de la C\u00e1tedra Cl\u00ednica de Obra de la Lic. en\u00a0<span class=\"_5afx\"><span class=\"_58cm\">Artes Pl\u00e1sticas<\/span><\/span>\u00a0de la\u00a0Facultad de Bellas Artes\u00a0de la\u00a0Universidad Nacional de La Plata, que se llevar\u00e1 a cabo en nuestro espacio de calle 44 N\u00ba 793.<\/p>\n<blockquote><p>A menudo, el lenguaje metaf\u00f3rico del arte nos habilita a enunciar aquello no-enunciable, a dar forma a lo que no encuentra expresi\u00f3n en otros lenguajes, o que simplemente no alcanza. En el marco de la c\u00e1tedra de Cl\u00ednica de Obra, se tensionan estas posibilidades enunciativas al indagar en el terreno de lo oculto. Aquel temor provocado por desenterrar lo vedado en la imagen, convive con la necesidad de hacer visible una porci\u00f3n de los sentidos que all\u00ed perviven. Y es que la negrura de lo oculto atrae, casi como algo natural.<\/p>\n<p>Aquello que se nos pierde a la vista recupera entonces, su inter\u00e9s casi emancipatorio, convocando a entrever los contenidos de verdad en el arte. Pero \u00e9stos, nunca terminan de hacerse presentes, nunca se nos ofrecen del todo comprensibles. Yacen latentes por debajo de las formas, nos exigen reparaciones, retornan, brotan, amenazantes se acercan hasta el l\u00edmite, presionando e imperando por salir. Sus vestigios, sus indicios, sus visiones \u00edntimas, apelan a una sensibilidad que arde, provocada por el desvelo.<\/p>\n<p>Permitirnos empaparnos de todo, hasta los huesos, hasta hervir el coraz\u00f3n y los nervios, con las preguntas que nunca antes nos supimos hacer, pero que son las \u00fanicas que nos incitan a no quedar ajenos a aquello que all\u00ed habita.<\/p>\n<p>Valentina Valli<\/p><\/blockquote>\n<p>&nbsp;<\/p>\n<p><iframe loading=\"lazy\" src=\"https:\/\/www.youtube.com\/embed\/Cy-CF9YScEc\" width=\"560\" height=\"315\" frameborder=\"0\" allowfullscreen=\"allowfullscreen\"><\/iframe><\/p>\n","protected":false},"excerpt":{"rendered":"<p>| FECHA:\u00a0Jueves 16\/11, 19 hs. Te invitamos a disfrutar de la exposici\u00f3n\u00a0de la C\u00e1tedra Cl\u00ednica de Obra de la Lic. en\u00a0Artes Pl\u00e1sticas\u00a0de la\u00a0Facultad de Bellas Artes\u00a0de la\u00a0Universidad Nacional de La Plata, que se llevar\u00e1 a cabo en nuestro espacio de calle 44 N\u00ba 793. A menudo, el lenguaje metaf\u00f3rico del arte nos habilita a enunciar &hellip; <a href=\"https:\/\/www.ude.edu.ar\/areacultural\/2017\/11\/13\/exposicion-de-lo-oculto\/\" class=\"more-link\">Continuar leyendo<span class=\"screen-reader-text\"> &#8220;Exposici\u00f3n: &#8220;De lo oculto&#8221;&#8221;<\/span><\/a><\/p>\n","protected":false},"author":2,"featured_media":0,"comment_status":"closed","ping_status":"open","sticky":false,"template":"","format":"standard","meta":{"_acf_changed":false,"footnotes":""},"categories":[22,5],"tags":[],"acf":[],"yoast_head":"<!-- This site is optimized with the Yoast SEO plugin v22.8 - https:\/\/yoast.com\/wordpress\/plugins\/seo\/ -->\n<title>Exposici\u00f3n: &quot;De lo oculto&quot; - UDE | \u00c1rea Cultural<\/title>\n<meta name=\"robots\" content=\"index, follow, max-snippet:-1, max-image-preview:large, max-video-preview:-1\" \/>\n<link rel=\"canonical\" href=\"https:\/\/www.ude.edu.ar\/areacultural\/2017\/11\/13\/exposicion-de-lo-oculto\/\" \/>\n<meta property=\"og:locale\" content=\"es_ES\" \/>\n<meta property=\"og:type\" content=\"article\" \/>\n<meta property=\"og:title\" content=\"Exposici\u00f3n: &quot;De lo oculto&quot; - UDE | \u00c1rea Cultural\" \/>\n<meta property=\"og:description\" content=\"| FECHA:\u00a0Jueves 16\/11, 19 hs. Te invitamos a disfrutar de la exposici\u00f3n\u00a0de la C\u00e1tedra Cl\u00ednica de Obra de la Lic. en\u00a0Artes Pl\u00e1sticas\u00a0de la\u00a0Facultad de Bellas Artes\u00a0de la\u00a0Universidad Nacional de La Plata, que se llevar\u00e1 a cabo en nuestro espacio de calle 44 N\u00ba 793. A menudo, el lenguaje metaf\u00f3rico del arte nos habilita a enunciar &hellip; Continuar leyendo &quot;Exposici\u00f3n: &#8220;De lo oculto&#8221;&quot;\" \/>\n<meta property=\"og:url\" content=\"https:\/\/www.ude.edu.ar\/areacultural\/2017\/11\/13\/exposicion-de-lo-oculto\/\" \/>\n<meta property=\"og:site_name\" content=\"UDE | \u00c1rea Cultural\" \/>\n<meta property=\"article:published_time\" content=\"2017-11-13T18:29:43+00:00\" \/>\n<meta property=\"article:modified_time\" content=\"2017-12-19T16:03:29+00:00\" \/>\n<meta property=\"og:image\" content=\"https:\/\/www.ude.edu.ar\/areacultural\/wp-content\/uploads\/sites\/3\/2017\/11\/web-oculto.png\" \/>\n<meta name=\"author\" content=\"ude-admin\" \/>\n<meta name=\"twitter:card\" content=\"summary_large_image\" \/>\n<meta name=\"twitter:label1\" content=\"Escrito por\" \/>\n\t<meta name=\"twitter:data1\" content=\"ude-admin\" \/>\n\t<meta name=\"twitter:label2\" content=\"Tiempo de lectura\" \/>\n\t<meta name=\"twitter:data2\" content=\"1 minuto\" \/>\n<script type=\"application\/ld+json\" class=\"yoast-schema-graph\">{\"@context\":\"https:\/\/schema.org\",\"@graph\":[{\"@type\":\"WebPage\",\"@id\":\"https:\/\/www.ude.edu.ar\/areacultural\/2017\/11\/13\/exposicion-de-lo-oculto\/\",\"url\":\"https:\/\/www.ude.edu.ar\/areacultural\/2017\/11\/13\/exposicion-de-lo-oculto\/\",\"name\":\"Exposici\u00f3n: \\\"De lo oculto\\\" - UDE | \u00c1rea Cultural\",\"isPartOf\":{\"@id\":\"https:\/\/www.ude.edu.ar\/areacultural\/#website\"},\"primaryImageOfPage\":{\"@id\":\"https:\/\/www.ude.edu.ar\/areacultural\/2017\/11\/13\/exposicion-de-lo-oculto\/#primaryimage\"},\"image\":{\"@id\":\"https:\/\/www.ude.edu.ar\/areacultural\/2017\/11\/13\/exposicion-de-lo-oculto\/#primaryimage\"},\"thumbnailUrl\":\"https:\/\/www.ude.edu.ar\/areacultural\/wp-content\/uploads\/sites\/3\/2017\/11\/web-oculto.png\",\"datePublished\":\"2017-11-13T18:29:43+00:00\",\"dateModified\":\"2017-12-19T16:03:29+00:00\",\"author\":{\"@id\":\"https:\/\/www.ude.edu.ar\/areacultural\/#\/schema\/person\/1b5e3fb142db28f2317fe6ab4363e1ba\"},\"breadcrumb\":{\"@id\":\"https:\/\/www.ude.edu.ar\/areacultural\/2017\/11\/13\/exposicion-de-lo-oculto\/#breadcrumb\"},\"inLanguage\":\"es-AR\",\"potentialAction\":[{\"@type\":\"ReadAction\",\"target\":[\"https:\/\/www.ude.edu.ar\/areacultural\/2017\/11\/13\/exposicion-de-lo-oculto\/\"]}]},{\"@type\":\"ImageObject\",\"inLanguage\":\"es-AR\",\"@id\":\"https:\/\/www.ude.edu.ar\/areacultural\/2017\/11\/13\/exposicion-de-lo-oculto\/#primaryimage\",\"url\":\"https:\/\/www.ude.edu.ar\/areacultural\/wp-content\/uploads\/sites\/3\/2017\/11\/web-oculto.png\",\"contentUrl\":\"https:\/\/www.ude.edu.ar\/areacultural\/wp-content\/uploads\/sites\/3\/2017\/11\/web-oculto.png\",\"width\":1041,\"height\":241},{\"@type\":\"BreadcrumbList\",\"@id\":\"https:\/\/www.ude.edu.ar\/areacultural\/2017\/11\/13\/exposicion-de-lo-oculto\/#breadcrumb\",\"itemListElement\":[{\"@type\":\"ListItem\",\"position\":1,\"name\":\"Home\",\"item\":\"https:\/\/www.ude.edu.ar\/areacultural\/\"},{\"@type\":\"ListItem\",\"position\":2,\"name\":\"Exposici\u00f3n: &#8220;De lo oculto&#8221;\"}]},{\"@type\":\"WebSite\",\"@id\":\"https:\/\/www.ude.edu.ar\/areacultural\/#website\",\"url\":\"https:\/\/www.ude.edu.ar\/areacultural\/\",\"name\":\"UDE | \u00c1rea Cultural\",\"description\":\"\u00c1rea Cultural de la Universidad del Este\",\"potentialAction\":[{\"@type\":\"SearchAction\",\"target\":{\"@type\":\"EntryPoint\",\"urlTemplate\":\"https:\/\/www.ude.edu.ar\/areacultural\/?s={search_term_string}\"},\"query-input\":\"required name=search_term_string\"}],\"inLanguage\":\"es-AR\"},{\"@type\":\"Person\",\"@id\":\"https:\/\/www.ude.edu.ar\/areacultural\/#\/schema\/person\/1b5e3fb142db28f2317fe6ab4363e1ba\",\"name\":\"ude-admin\",\"image\":{\"@type\":\"ImageObject\",\"inLanguage\":\"es-AR\",\"@id\":\"https:\/\/www.ude.edu.ar\/areacultural\/#\/schema\/person\/image\/\",\"url\":\"https:\/\/www.ude.edu.ar\/areacultural\/wp-content\/uploads\/sites\/3\/2016\/04\/logo_512-96x96.jpg\",\"contentUrl\":\"https:\/\/www.ude.edu.ar\/areacultural\/wp-content\/uploads\/sites\/3\/2016\/04\/logo_512-96x96.jpg\",\"caption\":\"ude-admin\"},\"url\":\"https:\/\/www.ude.edu.ar\/areacultural\/author\/ude-admin\/\"}]}<\/script>\n<!-- \/ Yoast SEO plugin. -->","yoast_head_json":{"title":"Exposici\u00f3n: \"De lo oculto\" - UDE | \u00c1rea Cultural","robots":{"index":"index","follow":"follow","max-snippet":"max-snippet:-1","max-image-preview":"max-image-preview:large","max-video-preview":"max-video-preview:-1"},"canonical":"https:\/\/www.ude.edu.ar\/areacultural\/2017\/11\/13\/exposicion-de-lo-oculto\/","og_locale":"es_ES","og_type":"article","og_title":"Exposici\u00f3n: \"De lo oculto\" - UDE | \u00c1rea Cultural","og_description":"| FECHA:\u00a0Jueves 16\/11, 19 hs. Te invitamos a disfrutar de la exposici\u00f3n\u00a0de la C\u00e1tedra Cl\u00ednica de Obra de la Lic. en\u00a0Artes Pl\u00e1sticas\u00a0de la\u00a0Facultad de Bellas Artes\u00a0de la\u00a0Universidad Nacional de La Plata, que se llevar\u00e1 a cabo en nuestro espacio de calle 44 N\u00ba 793. A menudo, el lenguaje metaf\u00f3rico del arte nos habilita a enunciar &hellip; Continuar leyendo \"Exposici\u00f3n: &#8220;De lo oculto&#8221;\"","og_url":"https:\/\/www.ude.edu.ar\/areacultural\/2017\/11\/13\/exposicion-de-lo-oculto\/","og_site_name":"UDE | \u00c1rea Cultural","article_published_time":"2017-11-13T18:29:43+00:00","article_modified_time":"2017-12-19T16:03:29+00:00","og_image":[{"url":"https:\/\/www.ude.edu.ar\/areacultural\/wp-content\/uploads\/sites\/3\/2017\/11\/web-oculto.png"}],"author":"ude-admin","twitter_card":"summary_large_image","twitter_misc":{"Escrito por":"ude-admin","Tiempo de lectura":"1 minuto"},"schema":{"@context":"https:\/\/schema.org","@graph":[{"@type":"WebPage","@id":"https:\/\/www.ude.edu.ar\/areacultural\/2017\/11\/13\/exposicion-de-lo-oculto\/","url":"https:\/\/www.ude.edu.ar\/areacultural\/2017\/11\/13\/exposicion-de-lo-oculto\/","name":"Exposici\u00f3n: \"De lo oculto\" - UDE | \u00c1rea Cultural","isPartOf":{"@id":"https:\/\/www.ude.edu.ar\/areacultural\/#website"},"primaryImageOfPage":{"@id":"https:\/\/www.ude.edu.ar\/areacultural\/2017\/11\/13\/exposicion-de-lo-oculto\/#primaryimage"},"image":{"@id":"https:\/\/www.ude.edu.ar\/areacultural\/2017\/11\/13\/exposicion-de-lo-oculto\/#primaryimage"},"thumbnailUrl":"https:\/\/www.ude.edu.ar\/areacultural\/wp-content\/uploads\/sites\/3\/2017\/11\/web-oculto.png","datePublished":"2017-11-13T18:29:43+00:00","dateModified":"2017-12-19T16:03:29+00:00","author":{"@id":"https:\/\/www.ude.edu.ar\/areacultural\/#\/schema\/person\/1b5e3fb142db28f2317fe6ab4363e1ba"},"breadcrumb":{"@id":"https:\/\/www.ude.edu.ar\/areacultural\/2017\/11\/13\/exposicion-de-lo-oculto\/#breadcrumb"},"inLanguage":"es-AR","potentialAction":[{"@type":"ReadAction","target":["https:\/\/www.ude.edu.ar\/areacultural\/2017\/11\/13\/exposicion-de-lo-oculto\/"]}]},{"@type":"ImageObject","inLanguage":"es-AR","@id":"https:\/\/www.ude.edu.ar\/areacultural\/2017\/11\/13\/exposicion-de-lo-oculto\/#primaryimage","url":"https:\/\/www.ude.edu.ar\/areacultural\/wp-content\/uploads\/sites\/3\/2017\/11\/web-oculto.png","contentUrl":"https:\/\/www.ude.edu.ar\/areacultural\/wp-content\/uploads\/sites\/3\/2017\/11\/web-oculto.png","width":1041,"height":241},{"@type":"BreadcrumbList","@id":"https:\/\/www.ude.edu.ar\/areacultural\/2017\/11\/13\/exposicion-de-lo-oculto\/#breadcrumb","itemListElement":[{"@type":"ListItem","position":1,"name":"Home","item":"https:\/\/www.ude.edu.ar\/areacultural\/"},{"@type":"ListItem","position":2,"name":"Exposici\u00f3n: &#8220;De lo oculto&#8221;"}]},{"@type":"WebSite","@id":"https:\/\/www.ude.edu.ar\/areacultural\/#website","url":"https:\/\/www.ude.edu.ar\/areacultural\/","name":"UDE | \u00c1rea Cultural","description":"\u00c1rea Cultural de la Universidad del Este","potentialAction":[{"@type":"SearchAction","target":{"@type":"EntryPoint","urlTemplate":"https:\/\/www.ude.edu.ar\/areacultural\/?s={search_term_string}"},"query-input":"required name=search_term_string"}],"inLanguage":"es-AR"},{"@type":"Person","@id":"https:\/\/www.ude.edu.ar\/areacultural\/#\/schema\/person\/1b5e3fb142db28f2317fe6ab4363e1ba","name":"ude-admin","image":{"@type":"ImageObject","inLanguage":"es-AR","@id":"https:\/\/www.ude.edu.ar\/areacultural\/#\/schema\/person\/image\/","url":"https:\/\/www.ude.edu.ar\/areacultural\/wp-content\/uploads\/sites\/3\/2016\/04\/logo_512-96x96.jpg","contentUrl":"https:\/\/www.ude.edu.ar\/areacultural\/wp-content\/uploads\/sites\/3\/2016\/04\/logo_512-96x96.jpg","caption":"ude-admin"},"url":"https:\/\/www.ude.edu.ar\/areacultural\/author\/ude-admin\/"}]}},"_links":{"self":[{"href":"https:\/\/www.ude.edu.ar\/areacultural\/wp-json\/wp\/v2\/posts\/843"}],"collection":[{"href":"https:\/\/www.ude.edu.ar\/areacultural\/wp-json\/wp\/v2\/posts"}],"about":[{"href":"https:\/\/www.ude.edu.ar\/areacultural\/wp-json\/wp\/v2\/types\/post"}],"author":[{"embeddable":true,"href":"https:\/\/www.ude.edu.ar\/areacultural\/wp-json\/wp\/v2\/users\/2"}],"replies":[{"embeddable":true,"href":"https:\/\/www.ude.edu.ar\/areacultural\/wp-json\/wp\/v2\/comments?post=843"}],"version-history":[{"count":3,"href":"https:\/\/www.ude.edu.ar\/areacultural\/wp-json\/wp\/v2\/posts\/843\/revisions"}],"predecessor-version":[{"id":870,"href":"https:\/\/www.ude.edu.ar\/areacultural\/wp-json\/wp\/v2\/posts\/843\/revisions\/870"}],"wp:attachment":[{"href":"https:\/\/www.ude.edu.ar\/areacultural\/wp-json\/wp\/v2\/media?parent=843"}],"wp:term":[{"taxonomy":"category","embeddable":true,"href":"https:\/\/www.ude.edu.ar\/areacultural\/wp-json\/wp\/v2\/categories?post=843"},{"taxonomy":"post_tag","embeddable":true,"href":"https:\/\/www.ude.edu.ar\/areacultural\/wp-json\/wp\/v2\/tags?post=843"}],"curies":[{"name":"wp","href":"https:\/\/api.w.org\/{rel}","templated":true}]}}