{"id":838,"date":"2017-10-27T17:35:08","date_gmt":"2017-10-27T20:35:08","guid":{"rendered":"https:\/\/www.ude.edu.ar\/areacultural\/?p=838"},"modified":"2017-12-19T13:07:59","modified_gmt":"2017-12-19T16:07:59","slug":"jornada-de-impresion-en-xilografia","status":"publish","type":"post","link":"https:\/\/www.ude.edu.ar\/areacultural\/2017\/10\/27\/jornada-de-impresion-en-xilografia\/","title":{"rendered":"Jornada de Impresi\u00f3n en Xilograf\u00eda"},"content":{"rendered":"<p><strong>| FECHA:<\/strong>\u00a0Jueves 26\/10, 17 hs.<\/p>\n<h3><strong><u>Jornada de Impresi\u00f3n en Xilograf\u00eda<\/u><\/strong><\/h3>\n<p>En el marco de la exposici\u00f3n: \u201cGrabadores del Museo de la Xilograf\u00eda de La Plata- <em>Fundado por Edgardo Antonio Vigo en 1967\u201d<\/em><\/p>\n<p>Colectivo Puchero<br \/>\nProfesoras: Leticia Barbeito &amp; Florencia Basso<\/p>\n<p><strong>PUCHERO <\/strong>es un colectivo de artistas compuesto por Leticia Barbeito y Florencia Basso, profesoras de Historia de las Artes Visuales (UNLP) y productoras visuales argentinas, residentes en la ciudad de La Plata. En este proyecto colectivo se propone desarrollar una producci\u00f3n e investigaci\u00f3n visual basada en diversas t\u00e9cnicas gr\u00e1ficas, una experimentaci\u00f3n que est\u00e1 concebida desde un principio para la futura difusi\u00f3n, para la construcci\u00f3n conjunta del conocimiento art\u00edstico.<\/p>\n<p><strong>Sitio Web:\u00a0<\/strong><a href=\"http:\/\/www.estudiopuchero.blogspot.com.ar\/\">http:\/\/www.estudiopuchero.blogspot.com.ar\/<\/a><\/p>\n<p><strong>e-mail:\u00a0<\/strong><a href=\"mailto:estudiopuchero@gmail.com\">estudiopuchero@gmail.com<\/a>.<\/p>\n<p><a href=\"https:\/\/www.ude.edu.ar\/areacultural\/wp-content\/uploads\/sites\/3\/2017\/10\/CV-PUCHERO.pdf\" target=\"_blank\" rel=\"noopener\">Ver CV Colectivo PUCHERO<\/a><\/p>\n<p>Jornada de trabajo basada en el Museo de la Xilograf\u00eda fundado por Edgardo Antonio Vigo, donde se explicaron algunos conceptos b\u00e1sicos sobre el sistema de impresi\u00f3n en relieve en general y sobre la xilograf\u00eda en particular. Se hizo hincapi\u00e9 en la historia del museo y sus supuestos b\u00e1sicos. De aquella primera parte relacionada con la t\u00e9cnica del grabado estuvieron a cargo Florencia Basso y Leticia Barbeito, mientras que la introducci\u00f3n a la historia de la producci\u00f3n de Vigo fue explicada por Federico Santarsiero. No obstante, los tres encargados de la actividad hicieron conversar estos dos ejes y se involucraron en ambas etapas. Una vez transcurrido el desarrollo te\u00f3rico, se pas\u00f3 a imprimir las matrices pertenecientes al museo, utilizando las prensas y generando nuevas estampas que actualizaron el concepto planteado por el artista hace cincuenta a\u00f1os. En esta actividad participaron de forma activa las personas invitadas entintando las matrices e imprimiendo con las prensas de grabado, con el acompa\u00f1amiento de las profesoras.<\/p>\n<p><iframe loading=\"lazy\" src=\"https:\/\/www.youtube.com\/embed\/DGKsOyMQW5k\" width=\"560\" height=\"315\" frameborder=\"0\" allowfullscreen=\"allowfullscreen\"><\/iframe><\/p>\n<p><img decoding=\"async\" class=\"size-full wp-image-831 aligncenter\" src=\"https:\/\/www.ude.edu.ar\/areacultural\/wp-content\/uploads\/sites\/3\/2016\/04\/1.jpg\" alt=\"\" width=\"100%\" srcset=\"https:\/\/www.ude.edu.ar\/areacultural\/wp-content\/uploads\/sites\/3\/2016\/04\/1.jpg 1296w, https:\/\/www.ude.edu.ar\/areacultural\/wp-content\/uploads\/sites\/3\/2016\/04\/1-300x200.jpg 300w, https:\/\/www.ude.edu.ar\/areacultural\/wp-content\/uploads\/sites\/3\/2016\/04\/1-1024x683.jpg 1024w, https:\/\/www.ude.edu.ar\/areacultural\/wp-content\/uploads\/sites\/3\/2016\/04\/1-1200x800.jpg 1200w\" sizes=\"(max-width: 709px) 85vw, (max-width: 909px) 67vw, (max-width: 1362px) 62vw, 840px\" \/> <img decoding=\"async\" class=\"size-full wp-image-832 aligncenter\" src=\"https:\/\/www.ude.edu.ar\/areacultural\/wp-content\/uploads\/sites\/3\/2016\/04\/2-1.jpg\" alt=\"\" width=\"100%\" srcset=\"https:\/\/www.ude.edu.ar\/areacultural\/wp-content\/uploads\/sites\/3\/2016\/04\/2-1.jpg 1296w, https:\/\/www.ude.edu.ar\/areacultural\/wp-content\/uploads\/sites\/3\/2016\/04\/2-1-300x200.jpg 300w, https:\/\/www.ude.edu.ar\/areacultural\/wp-content\/uploads\/sites\/3\/2016\/04\/2-1-1024x683.jpg 1024w, https:\/\/www.ude.edu.ar\/areacultural\/wp-content\/uploads\/sites\/3\/2016\/04\/2-1-1200x800.jpg 1200w\" sizes=\"(max-width: 709px) 85vw, (max-width: 909px) 67vw, (max-width: 1362px) 62vw, 840px\" \/> <img decoding=\"async\" class=\"size-full wp-image-833 aligncenter\" src=\"https:\/\/www.ude.edu.ar\/areacultural\/wp-content\/uploads\/sites\/3\/2016\/04\/3-1.jpg\" alt=\"\" width=\"100%\" srcset=\"https:\/\/www.ude.edu.ar\/areacultural\/wp-content\/uploads\/sites\/3\/2016\/04\/3-1.jpg 1296w, https:\/\/www.ude.edu.ar\/areacultural\/wp-content\/uploads\/sites\/3\/2016\/04\/3-1-300x200.jpg 300w, https:\/\/www.ude.edu.ar\/areacultural\/wp-content\/uploads\/sites\/3\/2016\/04\/3-1-1024x683.jpg 1024w, https:\/\/www.ude.edu.ar\/areacultural\/wp-content\/uploads\/sites\/3\/2016\/04\/3-1-1200x800.jpg 1200w\" sizes=\"(max-width: 709px) 85vw, (max-width: 909px) 67vw, (max-width: 1362px) 62vw, 840px\" \/> <img decoding=\"async\" class=\"size-full wp-image-834 aligncenter\" src=\"https:\/\/www.ude.edu.ar\/areacultural\/wp-content\/uploads\/sites\/3\/2016\/04\/4-1.jpg\" alt=\"\" width=\"100%\" srcset=\"https:\/\/www.ude.edu.ar\/areacultural\/wp-content\/uploads\/sites\/3\/2016\/04\/4-1.jpg 1296w, https:\/\/www.ude.edu.ar\/areacultural\/wp-content\/uploads\/sites\/3\/2016\/04\/4-1-300x200.jpg 300w, https:\/\/www.ude.edu.ar\/areacultural\/wp-content\/uploads\/sites\/3\/2016\/04\/4-1-1024x683.jpg 1024w, https:\/\/www.ude.edu.ar\/areacultural\/wp-content\/uploads\/sites\/3\/2016\/04\/4-1-1200x800.jpg 1200w\" sizes=\"(max-width: 709px) 85vw, (max-width: 909px) 67vw, (max-width: 1362px) 62vw, 840px\" \/> <img decoding=\"async\" class=\"size-full wp-image-835 aligncenter\" src=\"https:\/\/www.ude.edu.ar\/areacultural\/wp-content\/uploads\/sites\/3\/2016\/04\/5-1.jpg\" alt=\"\" width=\"100%\" srcset=\"https:\/\/www.ude.edu.ar\/areacultural\/wp-content\/uploads\/sites\/3\/2016\/04\/5-1.jpg 1296w, https:\/\/www.ude.edu.ar\/areacultural\/wp-content\/uploads\/sites\/3\/2016\/04\/5-1-300x200.jpg 300w, https:\/\/www.ude.edu.ar\/areacultural\/wp-content\/uploads\/sites\/3\/2016\/04\/5-1-1024x683.jpg 1024w, https:\/\/www.ude.edu.ar\/areacultural\/wp-content\/uploads\/sites\/3\/2016\/04\/5-1-1200x800.jpg 1200w\" sizes=\"(max-width: 709px) 85vw, (max-width: 909px) 67vw, (max-width: 1362px) 62vw, 840px\" \/> <img decoding=\"async\" class=\"size-full wp-image-836 aligncenter\" src=\"https:\/\/www.ude.edu.ar\/areacultural\/wp-content\/uploads\/sites\/3\/2016\/04\/6-1.jpg\" alt=\"\" width=\"100%\" srcset=\"https:\/\/www.ude.edu.ar\/areacultural\/wp-content\/uploads\/sites\/3\/2016\/04\/6-1.jpg 1296w, https:\/\/www.ude.edu.ar\/areacultural\/wp-content\/uploads\/sites\/3\/2016\/04\/6-1-300x200.jpg 300w, https:\/\/www.ude.edu.ar\/areacultural\/wp-content\/uploads\/sites\/3\/2016\/04\/6-1-1024x683.jpg 1024w, https:\/\/www.ude.edu.ar\/areacultural\/wp-content\/uploads\/sites\/3\/2016\/04\/6-1-1200x800.jpg 1200w\" sizes=\"(max-width: 709px) 85vw, (max-width: 909px) 67vw, (max-width: 1362px) 62vw, 840px\" \/> <img decoding=\"async\" class=\"size-full wp-image-837 aligncenter\" src=\"https:\/\/www.ude.edu.ar\/areacultural\/wp-content\/uploads\/sites\/3\/2016\/04\/7-1.jpg\" alt=\"\" width=\"100%\" srcset=\"https:\/\/www.ude.edu.ar\/areacultural\/wp-content\/uploads\/sites\/3\/2016\/04\/7-1.jpg 1296w, https:\/\/www.ude.edu.ar\/areacultural\/wp-content\/uploads\/sites\/3\/2016\/04\/7-1-300x200.jpg 300w, https:\/\/www.ude.edu.ar\/areacultural\/wp-content\/uploads\/sites\/3\/2016\/04\/7-1-1024x683.jpg 1024w, https:\/\/www.ude.edu.ar\/areacultural\/wp-content\/uploads\/sites\/3\/2016\/04\/7-1-1200x800.jpg 1200w\" sizes=\"(max-width: 709px) 85vw, (max-width: 909px) 67vw, (max-width: 1362px) 62vw, 840px\" \/><\/p>\n","protected":false},"excerpt":{"rendered":"<p>| FECHA:\u00a0Jueves 26\/10, 17 hs. Jornada de Impresi\u00f3n en Xilograf\u00eda En el marco de la exposici\u00f3n: \u201cGrabadores del Museo de la Xilograf\u00eda de La Plata- Fundado por Edgardo Antonio Vigo en 1967\u201d Colectivo Puchero Profesoras: Leticia Barbeito &amp; Florencia Basso PUCHERO es un colectivo de artistas compuesto por Leticia Barbeito y Florencia Basso, profesoras de &hellip; <a href=\"https:\/\/www.ude.edu.ar\/areacultural\/2017\/10\/27\/jornada-de-impresion-en-xilografia\/\" class=\"more-link\">Continuar leyendo<span class=\"screen-reader-text\"> &#8220;Jornada de Impresi\u00f3n en Xilograf\u00eda&#8221;<\/span><\/a><\/p>\n","protected":false},"author":2,"featured_media":0,"comment_status":"closed","ping_status":"open","sticky":false,"template":"","format":"standard","meta":{"_acf_changed":false,"footnotes":""},"categories":[14],"tags":[],"acf":[],"yoast_head":"<!-- This site is optimized with the Yoast SEO plugin v22.8 - https:\/\/yoast.com\/wordpress\/plugins\/seo\/ -->\n<title>Jornada de Impresi\u00f3n en Xilograf\u00eda - UDE | \u00c1rea Cultural<\/title>\n<meta name=\"robots\" content=\"index, follow, max-snippet:-1, max-image-preview:large, max-video-preview:-1\" \/>\n<link rel=\"canonical\" href=\"https:\/\/www.ude.edu.ar\/areacultural\/2017\/10\/27\/jornada-de-impresion-en-xilografia\/\" \/>\n<meta property=\"og:locale\" content=\"es_ES\" \/>\n<meta property=\"og:type\" content=\"article\" \/>\n<meta property=\"og:title\" content=\"Jornada de Impresi\u00f3n en Xilograf\u00eda - UDE | \u00c1rea Cultural\" \/>\n<meta property=\"og:description\" content=\"| FECHA:\u00a0Jueves 26\/10, 17 hs. Jornada de Impresi\u00f3n en Xilograf\u00eda En el marco de la exposici\u00f3n: \u201cGrabadores del Museo de la Xilograf\u00eda de La Plata- Fundado por Edgardo Antonio Vigo en 1967\u201d Colectivo Puchero Profesoras: Leticia Barbeito &amp; Florencia Basso PUCHERO es un colectivo de artistas compuesto por Leticia Barbeito y Florencia Basso, profesoras de &hellip; Continuar leyendo &quot;Jornada de Impresi\u00f3n en Xilograf\u00eda&quot;\" \/>\n<meta property=\"og:url\" content=\"https:\/\/www.ude.edu.ar\/areacultural\/2017\/10\/27\/jornada-de-impresion-en-xilografia\/\" \/>\n<meta property=\"og:site_name\" content=\"UDE | \u00c1rea Cultural\" \/>\n<meta property=\"article:published_time\" content=\"2017-10-27T20:35:08+00:00\" \/>\n<meta property=\"article:modified_time\" content=\"2017-12-19T16:07:59+00:00\" \/>\n<meta property=\"og:image\" content=\"https:\/\/www.ude.edu.ar\/areacultural\/wp-content\/uploads\/sites\/3\/2016\/04\/1.jpg\" \/>\n<meta name=\"author\" content=\"ude-admin\" \/>\n<meta name=\"twitter:card\" content=\"summary_large_image\" \/>\n<meta name=\"twitter:label1\" content=\"Escrito por\" \/>\n\t<meta name=\"twitter:data1\" content=\"ude-admin\" \/>\n\t<meta name=\"twitter:label2\" content=\"Tiempo de lectura\" \/>\n\t<meta name=\"twitter:data2\" content=\"2 minutos\" \/>\n<script type=\"application\/ld+json\" class=\"yoast-schema-graph\">{\"@context\":\"https:\/\/schema.org\",\"@graph\":[{\"@type\":\"WebPage\",\"@id\":\"https:\/\/www.ude.edu.ar\/areacultural\/2017\/10\/27\/jornada-de-impresion-en-xilografia\/\",\"url\":\"https:\/\/www.ude.edu.ar\/areacultural\/2017\/10\/27\/jornada-de-impresion-en-xilografia\/\",\"name\":\"Jornada de Impresi\u00f3n en Xilograf\u00eda - UDE | \u00c1rea Cultural\",\"isPartOf\":{\"@id\":\"https:\/\/www.ude.edu.ar\/areacultural\/#website\"},\"primaryImageOfPage\":{\"@id\":\"https:\/\/www.ude.edu.ar\/areacultural\/2017\/10\/27\/jornada-de-impresion-en-xilografia\/#primaryimage\"},\"image\":{\"@id\":\"https:\/\/www.ude.edu.ar\/areacultural\/2017\/10\/27\/jornada-de-impresion-en-xilografia\/#primaryimage\"},\"thumbnailUrl\":\"https:\/\/www.ude.edu.ar\/areacultural\/wp-content\/uploads\/sites\/3\/2016\/04\/1.jpg\",\"datePublished\":\"2017-10-27T20:35:08+00:00\",\"dateModified\":\"2017-12-19T16:07:59+00:00\",\"author\":{\"@id\":\"https:\/\/www.ude.edu.ar\/areacultural\/#\/schema\/person\/1b5e3fb142db28f2317fe6ab4363e1ba\"},\"breadcrumb\":{\"@id\":\"https:\/\/www.ude.edu.ar\/areacultural\/2017\/10\/27\/jornada-de-impresion-en-xilografia\/#breadcrumb\"},\"inLanguage\":\"es-AR\",\"potentialAction\":[{\"@type\":\"ReadAction\",\"target\":[\"https:\/\/www.ude.edu.ar\/areacultural\/2017\/10\/27\/jornada-de-impresion-en-xilografia\/\"]}]},{\"@type\":\"ImageObject\",\"inLanguage\":\"es-AR\",\"@id\":\"https:\/\/www.ude.edu.ar\/areacultural\/2017\/10\/27\/jornada-de-impresion-en-xilografia\/#primaryimage\",\"url\":\"https:\/\/www.ude.edu.ar\/areacultural\/wp-content\/uploads\/sites\/3\/2016\/04\/1.jpg\",\"contentUrl\":\"https:\/\/www.ude.edu.ar\/areacultural\/wp-content\/uploads\/sites\/3\/2016\/04\/1.jpg\",\"width\":1296,\"height\":864},{\"@type\":\"BreadcrumbList\",\"@id\":\"https:\/\/www.ude.edu.ar\/areacultural\/2017\/10\/27\/jornada-de-impresion-en-xilografia\/#breadcrumb\",\"itemListElement\":[{\"@type\":\"ListItem\",\"position\":1,\"name\":\"Home\",\"item\":\"https:\/\/www.ude.edu.ar\/areacultural\/\"},{\"@type\":\"ListItem\",\"position\":2,\"name\":\"Jornada de Impresi\u00f3n en Xilograf\u00eda\"}]},{\"@type\":\"WebSite\",\"@id\":\"https:\/\/www.ude.edu.ar\/areacultural\/#website\",\"url\":\"https:\/\/www.ude.edu.ar\/areacultural\/\",\"name\":\"UDE | \u00c1rea Cultural\",\"description\":\"\u00c1rea Cultural de la Universidad del Este\",\"potentialAction\":[{\"@type\":\"SearchAction\",\"target\":{\"@type\":\"EntryPoint\",\"urlTemplate\":\"https:\/\/www.ude.edu.ar\/areacultural\/?s={search_term_string}\"},\"query-input\":\"required name=search_term_string\"}],\"inLanguage\":\"es-AR\"},{\"@type\":\"Person\",\"@id\":\"https:\/\/www.ude.edu.ar\/areacultural\/#\/schema\/person\/1b5e3fb142db28f2317fe6ab4363e1ba\",\"name\":\"ude-admin\",\"image\":{\"@type\":\"ImageObject\",\"inLanguage\":\"es-AR\",\"@id\":\"https:\/\/www.ude.edu.ar\/areacultural\/#\/schema\/person\/image\/\",\"url\":\"https:\/\/www.ude.edu.ar\/areacultural\/wp-content\/uploads\/sites\/3\/2016\/04\/logo_512-96x96.jpg\",\"contentUrl\":\"https:\/\/www.ude.edu.ar\/areacultural\/wp-content\/uploads\/sites\/3\/2016\/04\/logo_512-96x96.jpg\",\"caption\":\"ude-admin\"},\"url\":\"https:\/\/www.ude.edu.ar\/areacultural\/author\/ude-admin\/\"}]}<\/script>\n<!-- \/ Yoast SEO plugin. -->","yoast_head_json":{"title":"Jornada de Impresi\u00f3n en Xilograf\u00eda - UDE | \u00c1rea Cultural","robots":{"index":"index","follow":"follow","max-snippet":"max-snippet:-1","max-image-preview":"max-image-preview:large","max-video-preview":"max-video-preview:-1"},"canonical":"https:\/\/www.ude.edu.ar\/areacultural\/2017\/10\/27\/jornada-de-impresion-en-xilografia\/","og_locale":"es_ES","og_type":"article","og_title":"Jornada de Impresi\u00f3n en Xilograf\u00eda - UDE | \u00c1rea Cultural","og_description":"| FECHA:\u00a0Jueves 26\/10, 17 hs. Jornada de Impresi\u00f3n en Xilograf\u00eda En el marco de la exposici\u00f3n: \u201cGrabadores del Museo de la Xilograf\u00eda de La Plata- Fundado por Edgardo Antonio Vigo en 1967\u201d Colectivo Puchero Profesoras: Leticia Barbeito &amp; Florencia Basso PUCHERO es un colectivo de artistas compuesto por Leticia Barbeito y Florencia Basso, profesoras de &hellip; Continuar leyendo \"Jornada de Impresi\u00f3n en Xilograf\u00eda\"","og_url":"https:\/\/www.ude.edu.ar\/areacultural\/2017\/10\/27\/jornada-de-impresion-en-xilografia\/","og_site_name":"UDE | \u00c1rea Cultural","article_published_time":"2017-10-27T20:35:08+00:00","article_modified_time":"2017-12-19T16:07:59+00:00","og_image":[{"url":"https:\/\/www.ude.edu.ar\/areacultural\/wp-content\/uploads\/sites\/3\/2016\/04\/1.jpg"}],"author":"ude-admin","twitter_card":"summary_large_image","twitter_misc":{"Escrito por":"ude-admin","Tiempo de lectura":"2 minutos"},"schema":{"@context":"https:\/\/schema.org","@graph":[{"@type":"WebPage","@id":"https:\/\/www.ude.edu.ar\/areacultural\/2017\/10\/27\/jornada-de-impresion-en-xilografia\/","url":"https:\/\/www.ude.edu.ar\/areacultural\/2017\/10\/27\/jornada-de-impresion-en-xilografia\/","name":"Jornada de Impresi\u00f3n en Xilograf\u00eda - UDE | \u00c1rea Cultural","isPartOf":{"@id":"https:\/\/www.ude.edu.ar\/areacultural\/#website"},"primaryImageOfPage":{"@id":"https:\/\/www.ude.edu.ar\/areacultural\/2017\/10\/27\/jornada-de-impresion-en-xilografia\/#primaryimage"},"image":{"@id":"https:\/\/www.ude.edu.ar\/areacultural\/2017\/10\/27\/jornada-de-impresion-en-xilografia\/#primaryimage"},"thumbnailUrl":"https:\/\/www.ude.edu.ar\/areacultural\/wp-content\/uploads\/sites\/3\/2016\/04\/1.jpg","datePublished":"2017-10-27T20:35:08+00:00","dateModified":"2017-12-19T16:07:59+00:00","author":{"@id":"https:\/\/www.ude.edu.ar\/areacultural\/#\/schema\/person\/1b5e3fb142db28f2317fe6ab4363e1ba"},"breadcrumb":{"@id":"https:\/\/www.ude.edu.ar\/areacultural\/2017\/10\/27\/jornada-de-impresion-en-xilografia\/#breadcrumb"},"inLanguage":"es-AR","potentialAction":[{"@type":"ReadAction","target":["https:\/\/www.ude.edu.ar\/areacultural\/2017\/10\/27\/jornada-de-impresion-en-xilografia\/"]}]},{"@type":"ImageObject","inLanguage":"es-AR","@id":"https:\/\/www.ude.edu.ar\/areacultural\/2017\/10\/27\/jornada-de-impresion-en-xilografia\/#primaryimage","url":"https:\/\/www.ude.edu.ar\/areacultural\/wp-content\/uploads\/sites\/3\/2016\/04\/1.jpg","contentUrl":"https:\/\/www.ude.edu.ar\/areacultural\/wp-content\/uploads\/sites\/3\/2016\/04\/1.jpg","width":1296,"height":864},{"@type":"BreadcrumbList","@id":"https:\/\/www.ude.edu.ar\/areacultural\/2017\/10\/27\/jornada-de-impresion-en-xilografia\/#breadcrumb","itemListElement":[{"@type":"ListItem","position":1,"name":"Home","item":"https:\/\/www.ude.edu.ar\/areacultural\/"},{"@type":"ListItem","position":2,"name":"Jornada de Impresi\u00f3n en Xilograf\u00eda"}]},{"@type":"WebSite","@id":"https:\/\/www.ude.edu.ar\/areacultural\/#website","url":"https:\/\/www.ude.edu.ar\/areacultural\/","name":"UDE | \u00c1rea Cultural","description":"\u00c1rea Cultural de la Universidad del Este","potentialAction":[{"@type":"SearchAction","target":{"@type":"EntryPoint","urlTemplate":"https:\/\/www.ude.edu.ar\/areacultural\/?s={search_term_string}"},"query-input":"required name=search_term_string"}],"inLanguage":"es-AR"},{"@type":"Person","@id":"https:\/\/www.ude.edu.ar\/areacultural\/#\/schema\/person\/1b5e3fb142db28f2317fe6ab4363e1ba","name":"ude-admin","image":{"@type":"ImageObject","inLanguage":"es-AR","@id":"https:\/\/www.ude.edu.ar\/areacultural\/#\/schema\/person\/image\/","url":"https:\/\/www.ude.edu.ar\/areacultural\/wp-content\/uploads\/sites\/3\/2016\/04\/logo_512-96x96.jpg","contentUrl":"https:\/\/www.ude.edu.ar\/areacultural\/wp-content\/uploads\/sites\/3\/2016\/04\/logo_512-96x96.jpg","caption":"ude-admin"},"url":"https:\/\/www.ude.edu.ar\/areacultural\/author\/ude-admin\/"}]}},"_links":{"self":[{"href":"https:\/\/www.ude.edu.ar\/areacultural\/wp-json\/wp\/v2\/posts\/838"}],"collection":[{"href":"https:\/\/www.ude.edu.ar\/areacultural\/wp-json\/wp\/v2\/posts"}],"about":[{"href":"https:\/\/www.ude.edu.ar\/areacultural\/wp-json\/wp\/v2\/types\/post"}],"author":[{"embeddable":true,"href":"https:\/\/www.ude.edu.ar\/areacultural\/wp-json\/wp\/v2\/users\/2"}],"replies":[{"embeddable":true,"href":"https:\/\/www.ude.edu.ar\/areacultural\/wp-json\/wp\/v2\/comments?post=838"}],"version-history":[{"count":4,"href":"https:\/\/www.ude.edu.ar\/areacultural\/wp-json\/wp\/v2\/posts\/838\/revisions"}],"predecessor-version":[{"id":872,"href":"https:\/\/www.ude.edu.ar\/areacultural\/wp-json\/wp\/v2\/posts\/838\/revisions\/872"}],"wp:attachment":[{"href":"https:\/\/www.ude.edu.ar\/areacultural\/wp-json\/wp\/v2\/media?parent=838"}],"wp:term":[{"taxonomy":"category","embeddable":true,"href":"https:\/\/www.ude.edu.ar\/areacultural\/wp-json\/wp\/v2\/categories?post=838"},{"taxonomy":"post_tag","embeddable":true,"href":"https:\/\/www.ude.edu.ar\/areacultural\/wp-json\/wp\/v2\/tags?post=838"}],"curies":[{"name":"wp","href":"https:\/\/api.w.org\/{rel}","templated":true}]}}