{"id":775,"date":"2017-09-26T15:45:46","date_gmt":"2017-09-26T18:45:46","guid":{"rendered":"https:\/\/www.ude.edu.ar\/areacultural\/?p=775"},"modified":"2017-12-19T13:06:25","modified_gmt":"2017-12-19T16:06:25","slug":"10-grabadores-del-museo-de-la-xilografia-de-la-plata-fundado-por-edgardo-antonio-vigo-en-1967","status":"publish","type":"post","link":"https:\/\/www.ude.edu.ar\/areacultural\/2017\/09\/26\/10-grabadores-del-museo-de-la-xilografia-de-la-plata-fundado-por-edgardo-antonio-vigo-en-1967\/","title":{"rendered":"#10 &#8211; &#8220;Grabadores del Museo de la Xilograf\u00eda de La Plata- Fundado por Edgardo Antonio Vigo en 1967\u201d"},"content":{"rendered":"<p><strong>| FECHA:<\/strong>\u00a0Jueves 12\/10, 19 hs.<\/p>\n<p><img decoding=\"async\" class=\"aligncenter size-full wp-image-776\" src=\"https:\/\/www.ude.edu.ar\/areacultural\/wp-content\/uploads\/sites\/3\/2017\/09\/web-vigo.png\" alt=\"\" width=\"100%\" srcset=\"https:\/\/www.ude.edu.ar\/areacultural\/wp-content\/uploads\/sites\/3\/2017\/09\/web-vigo.png 1041w, https:\/\/www.ude.edu.ar\/areacultural\/wp-content\/uploads\/sites\/3\/2017\/09\/web-vigo-300x69.png 300w, https:\/\/www.ude.edu.ar\/areacultural\/wp-content\/uploads\/sites\/3\/2017\/09\/web-vigo-1024x237.png 1024w\" sizes=\"(max-width: 709px) 85vw, (max-width: 909px) 67vw, (max-width: 1362px) 62vw, 840px\" \/><\/p>\n<p style=\"text-align: justify;\">El \u00c1rea Cultural de la Universidad del Este, en el marco del vig\u00e9simo aniversario del fallecimiento de Edgardo Antonio Vigo, propone y decide impulsar un trabajo en conjunto con el equipo del CAEV (Centro de Arte Experimental Vigo).<\/p>\n<p><iframe loading=\"lazy\" src=\"https:\/\/www.youtube.com\/embed\/NZXSn2BrXrw\" width=\"560\" height=\"315\" frameborder=\"0\" allowfullscreen=\"allowfullscreen\"><\/iframe><\/p>\n<p style=\"text-align: justify;\">Del 12 de octubre al 10 de noviembre abri\u00f3 la Exposici\u00f3n N\u00b010 \u201cGrabadores del Museo de la Xilograf\u00eda de La Plata- Fundado por Edgardo Antonio Vigo en 1967\u201d, la muestra se lleva\u00f3 a cabo en 44 N\u00ba 793 e\/10 y 11. En este contexto vale destacar que la exhibici\u00f3n fue una exposici\u00f3n de archivo, la cual se constituy\u00f3 por una selecci\u00f3n de estampas de los siguientes grabadores:<\/p>\n<blockquote><p>Maya L\u00f3pez Muro<br \/>\nGraciela Gutierrez Marx<br \/>\nJorge Casteran<br \/>\nCarlos Pacheco<br \/>\nLuis Labraga<br \/>\nJose Sixto Gonzalez<br \/>\nJorge Luna Ercilla<br \/>\nJorge Orta<br \/>\nLiliana Grimberg<br \/>\nClaudia del R\u00edo<br \/>\nHebe Redoano<br \/>\nLaico Bou<br \/>\nGustavo Alfredo Larsen<br \/>\nLudovico Perez<br \/>\nEdgardo Antonio Vigo<\/p><\/blockquote>\n<p style=\"text-align: justify;\">A su vez, se encontraron exhibidas piezas complementarias que le otorgaron al espectador informaci\u00f3n period\u00edstica de la \u00e9poca, cat\u00e1logos y la valija que contiene un juego de herramientas para conocer el procedimiento de c\u00f3mo elaborar una xilograf\u00eda.<\/p>\n<ul style=\"list-style-type: circle;\">\n<li><strong><u>Actividades complementarias a la inauguraci\u00f3n<\/u><\/strong>:<\/li>\n<\/ul>\n<ul style=\"list-style-type: square;\">\n<li>Se encuentra nuevamente abierta la convocatoria para donar y\/o intercambiar xilografias al Centro de Arte Experimental Vigo.<\/li>\n<\/ul>\n<p><em>Contacto: Calle 15 N\u00ba 1187 (56 y 57)\/ c.p 1900\/ La Plata \/ Buenos Aires \/ Argentina<\/em><br \/>\n<em>Tel. +54-221-4226565<\/em><br \/>\n<em>www.caev.com.ar<\/em><\/p>\n<ul>\n<li><strong><u>Jornada de Impresi\u00f3n en Xilograf\u00eda<\/u><\/strong><\/li>\n<\/ul>\n<p>En el marco de la exposici\u00f3n: \u201cGrabadores del Museo de la Xilograf\u00eda de La Plata- <em>Fundado por Edgardo Antonio Vigo en 1967\u201d<\/em><\/p>\n<p>Colectivo Puchero<br \/>\nProfesoras: Leticia Barbeito &amp; Florencia Basso<\/p>\n<p><strong>PUCHERO <\/strong>es un colectivo de artistas compuesto por Leticia Barbeito y Florencia Basso, profesoras de Historia de las Artes Visuales (UNLP) y productoras visuales argentinas, residentes en la ciudad de La Plata. En este proyecto colectivo se propone desarrollar una producci\u00f3n e investigaci\u00f3n visual basada en diversas t\u00e9cnicas gr\u00e1ficas, una experimentaci\u00f3n que est\u00e1 concebida desde un principio para la futura difusi\u00f3n, para la construcci\u00f3n conjunta del conocimiento art\u00edstico.<\/p>\n<p><strong>Sitio Web:\u00a0<\/strong><a href=\"http:\/\/www.estudiopuchero.blogspot.com.ar\/\">http:\/\/www.estudiopuchero.blogspot.com.ar\/<\/a><\/p>\n<p><strong>e-mail:\u00a0<\/strong><a href=\"mailto:estudiopuchero@gmail.com\">estudiopuchero@gmail.com<\/a>.<\/p>\n<p><a href=\"https:\/\/www.ude.edu.ar\/areacultural\/wp-content\/uploads\/sites\/3\/2017\/10\/CV-PUCHERO.pdf\" target=\"_blank\" rel=\"noopener\">Ver CV Colectivo PUCHERO<\/a><\/p>\n<p>Ser\u00e1 una jornada de trabajo basada en el Museo de la Xilograf\u00eda fundado por Edgardo Antonio Vigo. En un primer momento se explicar\u00e1n algunos conceptos b\u00e1sicos sobre el sistema de impresi\u00f3n en relieve en general y sobre la xilograf\u00eda en particular, y se har\u00e1 hincapi\u00e9 en la historia del museo y sus supuestos b\u00e1sicos. De aquella primera parte relacionada con la t\u00e9cnica del grabado estar\u00e1n a cargo Florencia Basso y Leticia Barbeito, mientras que la introducci\u00f3n a la historia de la producci\u00f3n de Vigo ser\u00e1 explicada por Federico Santarsiero. No obstante, los tres encargados de la actividad har\u00e1n conversar estos dos ejes y se involucrar\u00e1n en ambas etapas. Una vez transcurrido el desarrollo te\u00f3rico, se pasar\u00e1 a imprimir las matrices pertenecientes al museo, utilizando las prensas y generando nuevas estampas que actualicen el concepto planteado por el artista hace cincuenta a\u00f1os. En esta actividad participar\u00e1n de forma activa las personas invitadas entintando las matrices e imprimiendo con las prensas de grabado, con el acompa\u00f1amiento de las profesoras.<\/p>\n<p><em>D\u00eda: jueves 26\/10\/17<\/em><br \/>\n<em>Hora: 17 hs.<\/em><br \/>\n<em>Lugar: 44 e\/ 10 y 11<\/em><\/p>\n<p><em>Inscripci\u00f3n previa: cultura@ude.edu.ar<\/em><br \/>\n<em>Cupos limitados: 20 personas.<\/em><\/p>\n<p><em>\u00a0<\/em><\/p>\n<p><em><strong>Cupos limitados \/Inscripciones a cultura@ude.edu.ar<\/strong><\/em><\/p>\n<ul style=\"list-style-type: circle;\">\n<li><strong><u>Breve descripci\u00f3n del CAEV<\/u><\/strong><\/li>\n<\/ul>\n<p>El Centro de Arte Experimental Vigo es un Archivo que se encuentra en la ciudad de La Plata, abierto a estudiantes, investigadores e instituciones involucrados en proyectos e investigaciones sobre arte contempor\u00e1neo y experimental.<\/p>\n<p>Fundado en 1998, su sede y su acervo son el resultado de la decisi\u00f3n del artista conceptual Edgardo Antonio Vigo al dejar en custodia su obra y sus archivos a la Fundaci\u00f3n Centro de Artes Visuales tras su fallecimiento en 1997.<\/p>\n<p>El Centro est\u00e1 dedicado a preservar y difundir la obra del artista Edgardo Antonio Vigo y cuenta con un fondo documental dividido en tres \u00e1reas: Biblioteca, Hemeroteca y Archivo. Funciona en calle 15 N\u00b01187 (56 y 57) de la ciudad de La Plata, con financiamiento autogestionado y con personal voluntario.<\/p>\n<blockquote><p>GU\u00cdA: \u00bfC\u00d3MO HACER UNA XILOGRAF\u00cdA?<\/p><\/blockquote>\n<p><img loading=\"lazy\" decoding=\"async\" class=\"aligncenter size-full wp-image-786\" src=\"https:\/\/www.ude.edu.ar\/areacultural\/wp-content\/uploads\/sites\/3\/2017\/09\/Gu--a1.png\" alt=\"\" width=\"842\" height=\"595\" srcset=\"https:\/\/www.ude.edu.ar\/areacultural\/wp-content\/uploads\/sites\/3\/2017\/09\/Gu--a1.png 842w, https:\/\/www.ude.edu.ar\/areacultural\/wp-content\/uploads\/sites\/3\/2017\/09\/Gu--a1-300x212.png 300w\" sizes=\"(max-width: 709px) 85vw, (max-width: 909px) 67vw, (max-width: 1362px) 62vw, 840px\" \/> <img decoding=\"async\" class=\"aligncenter size-full wp-image-787\" src=\"https:\/\/www.ude.edu.ar\/areacultural\/wp-content\/uploads\/sites\/3\/2017\/09\/Gu--a2.png\" alt=\"\" width=\"200%\" srcset=\"https:\/\/www.ude.edu.ar\/areacultural\/wp-content\/uploads\/sites\/3\/2017\/09\/Gu--a2.png 842w, https:\/\/www.ude.edu.ar\/areacultural\/wp-content\/uploads\/sites\/3\/2017\/09\/Gu--a2-300x212.png 300w\" sizes=\"(max-width: 709px) 85vw, (max-width: 909px) 67vw, (max-width: 1362px) 62vw, 840px\" \/><\/p>\n<p><a href=\"https:\/\/www.ude.edu.ar\/areacultural\/wp-content\/uploads\/sites\/3\/2017\/10\/Museo-de-la-Xilograf--a.png\" target=\"_blank\" rel=\"noopener\" data-rel=\"lightbox-image-0\" data-imagelightbox=\"0\" data-rl_title=\"\" data-rl_caption=\"\" title=\"\"><img loading=\"lazy\" decoding=\"async\" class=\"alignleft wp-image-788\" src=\"https:\/\/www.ude.edu.ar\/areacultural\/wp-content\/uploads\/sites\/3\/2017\/09\/texto-encolado-web-e1507138395135.png\" alt=\"\" width=\"244\" height=\"305\" \/><\/a><\/p>\n<p>&nbsp;<\/p>\n<blockquote><p>Haciendo click <a href=\"https:\/\/www.ude.edu.ar\/areacultural\/wp-content\/uploads\/sites\/3\/2017\/10\/Museo-de-la-Xilograf--a.png\" target=\"_blank\" rel=\"noopener\" data-rel=\"lightbox-image-1\" data-imagelightbox=\"1\" data-rl_title=\"\" data-rl_caption=\"\" title=\"\">aqu\u00ed<\/a> vas a poder ver la rese\u00f1a del Museo, escrita por Edgardo Antonio Vigo (Abrir enlace en una pesta\u00f1a nueva)<\/p><\/blockquote>\n<p>&nbsp;<\/p>\n<p>&nbsp;<\/p>\n\n<div class=\"wpcf7 no-js\" id=\"wpcf7-f139-o1\" lang=\"es-AR\" dir=\"ltr\">\n<div class=\"screen-reader-response\"><p role=\"status\" aria-live=\"polite\" aria-atomic=\"true\"><\/p> <ul><\/ul><\/div>\n<form action=\"\/areacultural\/wp-json\/wp\/v2\/posts\/775#wpcf7-f139-o1\" method=\"post\" class=\"wpcf7-form init\" aria-label=\"Formulario de contacto\" novalidate=\"novalidate\" data-status=\"init\">\n<div style=\"display: none;\">\n<input type=\"hidden\" name=\"_wpcf7\" value=\"139\" \/>\n<input type=\"hidden\" name=\"_wpcf7_version\" value=\"5.9.5\" \/>\n<input type=\"hidden\" name=\"_wpcf7_locale\" value=\"es_AR\" \/>\n<input type=\"hidden\" name=\"_wpcf7_unit_tag\" value=\"wpcf7-f139-o1\" \/>\n<input type=\"hidden\" name=\"_wpcf7_container_post\" value=\"0\" \/>\n<input type=\"hidden\" name=\"_wpcf7_posted_data_hash\" value=\"\" \/>\n<input type=\"hidden\" name=\"_wpcf7_recaptcha_response\" value=\"\" \/>\n<\/div>\n<p>Nombre y Apellido *\n<\/p>\n<p><span class=\"wpcf7-form-control-wrap\" data-name=\"your-name\"><input size=\"40\" class=\"wpcf7-form-control wpcf7-text wpcf7-validates-as-required\" aria-required=\"true\" aria-invalid=\"false\" value=\"\" type=\"text\" name=\"your-name\" \/><\/span>\n<\/p>\n<p>Email *\n<\/p>\n<p><span class=\"wpcf7-form-control-wrap\" data-name=\"your-email\"><input size=\"40\" class=\"wpcf7-form-control wpcf7-email wpcf7-validates-as-required wpcf7-text wpcf7-validates-as-email\" aria-required=\"true\" aria-invalid=\"false\" value=\"\" type=\"email\" name=\"your-email\" \/><\/span>\n<\/p>\n<p>Asunto\n<\/p>\n<p><span class=\"wpcf7-form-control-wrap\" data-name=\"your-subject\"><input size=\"40\" class=\"wpcf7-form-control wpcf7-text\" aria-invalid=\"false\" value=\"\" type=\"text\" name=\"your-subject\" \/><\/span>\n<\/p>\n<p>Mensaje\n<\/p>\n<p><span class=\"wpcf7-form-control-wrap\" data-name=\"your-message\"><textarea cols=\"40\" rows=\"10\" class=\"wpcf7-form-control wpcf7-textarea\" aria-invalid=\"false\" name=\"your-message\"><\/textarea><\/span>\n<\/p>\n<p><input class=\"wpcf7-form-control wpcf7-submit has-spinner\" type=\"submit\" value=\"Enviar\" \/>\n<\/p><div class=\"wpcf7-response-output\" aria-hidden=\"true\"><\/div>\n<\/form>\n<\/div>\n\n<p>&nbsp;<\/p>\n","protected":false},"excerpt":{"rendered":"<p>| FECHA:\u00a0Jueves 12\/10, 19 hs. El \u00c1rea Cultural de la Universidad del Este, en el marco del vig\u00e9simo aniversario del fallecimiento de Edgardo Antonio Vigo, propone y decide impulsar un trabajo en conjunto con el equipo del CAEV (Centro de Arte Experimental Vigo). Del 12 de octubre al 10 de noviembre abri\u00f3 la Exposici\u00f3n N\u00b010 &hellip; <a href=\"https:\/\/www.ude.edu.ar\/areacultural\/2017\/09\/26\/10-grabadores-del-museo-de-la-xilografia-de-la-plata-fundado-por-edgardo-antonio-vigo-en-1967\/\" class=\"more-link\">Continuar leyendo<span class=\"screen-reader-text\"> &#8220;#10 &#8211; &#8220;Grabadores del Museo de la Xilograf\u00eda de La Plata- Fundado por Edgardo Antonio Vigo en 1967\u201d&#8221;<\/span><\/a><\/p>\n","protected":false},"author":2,"featured_media":0,"comment_status":"closed","ping_status":"open","sticky":false,"template":"","format":"standard","meta":{"_acf_changed":false,"footnotes":""},"categories":[5],"tags":[],"acf":[],"yoast_head":"<!-- This site is optimized with the Yoast SEO plugin v22.8 - https:\/\/yoast.com\/wordpress\/plugins\/seo\/ -->\n<title>#10 - &quot;Grabadores del Museo de la Xilograf\u00eda de La Plata- Fundado por Edgardo Antonio Vigo en 1967\u201d - UDE | \u00c1rea Cultural<\/title>\n<meta name=\"robots\" content=\"index, follow, max-snippet:-1, max-image-preview:large, max-video-preview:-1\" \/>\n<link rel=\"canonical\" href=\"https:\/\/www.ude.edu.ar\/areacultural\/2017\/09\/26\/10-grabadores-del-museo-de-la-xilografia-de-la-plata-fundado-por-edgardo-antonio-vigo-en-1967\/\" \/>\n<meta property=\"og:locale\" content=\"es_ES\" \/>\n<meta property=\"og:type\" content=\"article\" \/>\n<meta property=\"og:title\" content=\"#10 - &quot;Grabadores del Museo de la Xilograf\u00eda de La Plata- Fundado por Edgardo Antonio Vigo en 1967\u201d - UDE | \u00c1rea Cultural\" \/>\n<meta property=\"og:description\" content=\"| FECHA:\u00a0Jueves 12\/10, 19 hs. El \u00c1rea Cultural de la Universidad del Este, en el marco del vig\u00e9simo aniversario del fallecimiento de Edgardo Antonio Vigo, propone y decide impulsar un trabajo en conjunto con el equipo del CAEV (Centro de Arte Experimental Vigo). Del 12 de octubre al 10 de noviembre abri\u00f3 la Exposici\u00f3n N\u00b010 &hellip; Continuar leyendo &quot;#10 &#8211; &#8220;Grabadores del Museo de la Xilograf\u00eda de La Plata- Fundado por Edgardo Antonio Vigo en 1967\u201d&quot;\" \/>\n<meta property=\"og:url\" content=\"https:\/\/www.ude.edu.ar\/areacultural\/2017\/09\/26\/10-grabadores-del-museo-de-la-xilografia-de-la-plata-fundado-por-edgardo-antonio-vigo-en-1967\/\" \/>\n<meta property=\"og:site_name\" content=\"UDE | \u00c1rea Cultural\" \/>\n<meta property=\"article:published_time\" content=\"2017-09-26T18:45:46+00:00\" \/>\n<meta property=\"article:modified_time\" content=\"2017-12-19T16:06:25+00:00\" \/>\n<meta property=\"og:image\" content=\"https:\/\/www.ude.edu.ar\/areacultural\/wp-content\/uploads\/sites\/3\/2017\/09\/web-vigo.png\" \/>\n<meta name=\"author\" content=\"ude-admin\" \/>\n<meta name=\"twitter:card\" content=\"summary_large_image\" \/>\n<meta name=\"twitter:label1\" content=\"Escrito por\" \/>\n\t<meta name=\"twitter:data1\" content=\"ude-admin\" \/>\n\t<meta name=\"twitter:label2\" content=\"Tiempo de lectura\" \/>\n\t<meta name=\"twitter:data2\" content=\"4 minutos\" \/>\n<script type=\"application\/ld+json\" class=\"yoast-schema-graph\">{\"@context\":\"https:\/\/schema.org\",\"@graph\":[{\"@type\":\"WebPage\",\"@id\":\"https:\/\/www.ude.edu.ar\/areacultural\/2017\/09\/26\/10-grabadores-del-museo-de-la-xilografia-de-la-plata-fundado-por-edgardo-antonio-vigo-en-1967\/\",\"url\":\"https:\/\/www.ude.edu.ar\/areacultural\/2017\/09\/26\/10-grabadores-del-museo-de-la-xilografia-de-la-plata-fundado-por-edgardo-antonio-vigo-en-1967\/\",\"name\":\"#10 - \\\"Grabadores del Museo de la Xilograf\u00eda de La Plata- Fundado por Edgardo Antonio Vigo en 1967\u201d - UDE | \u00c1rea Cultural\",\"isPartOf\":{\"@id\":\"https:\/\/www.ude.edu.ar\/areacultural\/#website\"},\"primaryImageOfPage\":{\"@id\":\"https:\/\/www.ude.edu.ar\/areacultural\/2017\/09\/26\/10-grabadores-del-museo-de-la-xilografia-de-la-plata-fundado-por-edgardo-antonio-vigo-en-1967\/#primaryimage\"},\"image\":{\"@id\":\"https:\/\/www.ude.edu.ar\/areacultural\/2017\/09\/26\/10-grabadores-del-museo-de-la-xilografia-de-la-plata-fundado-por-edgardo-antonio-vigo-en-1967\/#primaryimage\"},\"thumbnailUrl\":\"https:\/\/www.ude.edu.ar\/areacultural\/wp-content\/uploads\/sites\/3\/2017\/09\/web-vigo.png\",\"datePublished\":\"2017-09-26T18:45:46+00:00\",\"dateModified\":\"2017-12-19T16:06:25+00:00\",\"author\":{\"@id\":\"https:\/\/www.ude.edu.ar\/areacultural\/#\/schema\/person\/1b5e3fb142db28f2317fe6ab4363e1ba\"},\"breadcrumb\":{\"@id\":\"https:\/\/www.ude.edu.ar\/areacultural\/2017\/09\/26\/10-grabadores-del-museo-de-la-xilografia-de-la-plata-fundado-por-edgardo-antonio-vigo-en-1967\/#breadcrumb\"},\"inLanguage\":\"es-AR\",\"potentialAction\":[{\"@type\":\"ReadAction\",\"target\":[\"https:\/\/www.ude.edu.ar\/areacultural\/2017\/09\/26\/10-grabadores-del-museo-de-la-xilografia-de-la-plata-fundado-por-edgardo-antonio-vigo-en-1967\/\"]}]},{\"@type\":\"ImageObject\",\"inLanguage\":\"es-AR\",\"@id\":\"https:\/\/www.ude.edu.ar\/areacultural\/2017\/09\/26\/10-grabadores-del-museo-de-la-xilografia-de-la-plata-fundado-por-edgardo-antonio-vigo-en-1967\/#primaryimage\",\"url\":\"https:\/\/www.ude.edu.ar\/areacultural\/wp-content\/uploads\/sites\/3\/2017\/09\/web-vigo.png\",\"contentUrl\":\"https:\/\/www.ude.edu.ar\/areacultural\/wp-content\/uploads\/sites\/3\/2017\/09\/web-vigo.png\",\"width\":1041,\"height\":241},{\"@type\":\"BreadcrumbList\",\"@id\":\"https:\/\/www.ude.edu.ar\/areacultural\/2017\/09\/26\/10-grabadores-del-museo-de-la-xilografia-de-la-plata-fundado-por-edgardo-antonio-vigo-en-1967\/#breadcrumb\",\"itemListElement\":[{\"@type\":\"ListItem\",\"position\":1,\"name\":\"Home\",\"item\":\"https:\/\/www.ude.edu.ar\/areacultural\/\"},{\"@type\":\"ListItem\",\"position\":2,\"name\":\"#10 &#8211; &#8220;Grabadores del Museo de la Xilograf\u00eda de La Plata- Fundado por Edgardo Antonio Vigo en 1967\u201d\"}]},{\"@type\":\"WebSite\",\"@id\":\"https:\/\/www.ude.edu.ar\/areacultural\/#website\",\"url\":\"https:\/\/www.ude.edu.ar\/areacultural\/\",\"name\":\"UDE | \u00c1rea Cultural\",\"description\":\"\u00c1rea Cultural de la Universidad del Este\",\"potentialAction\":[{\"@type\":\"SearchAction\",\"target\":{\"@type\":\"EntryPoint\",\"urlTemplate\":\"https:\/\/www.ude.edu.ar\/areacultural\/?s={search_term_string}\"},\"query-input\":\"required name=search_term_string\"}],\"inLanguage\":\"es-AR\"},{\"@type\":\"Person\",\"@id\":\"https:\/\/www.ude.edu.ar\/areacultural\/#\/schema\/person\/1b5e3fb142db28f2317fe6ab4363e1ba\",\"name\":\"ude-admin\",\"image\":{\"@type\":\"ImageObject\",\"inLanguage\":\"es-AR\",\"@id\":\"https:\/\/www.ude.edu.ar\/areacultural\/#\/schema\/person\/image\/\",\"url\":\"https:\/\/www.ude.edu.ar\/areacultural\/wp-content\/uploads\/sites\/3\/2016\/04\/logo_512-96x96.jpg\",\"contentUrl\":\"https:\/\/www.ude.edu.ar\/areacultural\/wp-content\/uploads\/sites\/3\/2016\/04\/logo_512-96x96.jpg\",\"caption\":\"ude-admin\"},\"url\":\"https:\/\/www.ude.edu.ar\/areacultural\/author\/ude-admin\/\"}]}<\/script>\n<!-- \/ Yoast SEO plugin. -->","yoast_head_json":{"title":"#10 - \"Grabadores del Museo de la Xilograf\u00eda de La Plata- Fundado por Edgardo Antonio Vigo en 1967\u201d - UDE | \u00c1rea Cultural","robots":{"index":"index","follow":"follow","max-snippet":"max-snippet:-1","max-image-preview":"max-image-preview:large","max-video-preview":"max-video-preview:-1"},"canonical":"https:\/\/www.ude.edu.ar\/areacultural\/2017\/09\/26\/10-grabadores-del-museo-de-la-xilografia-de-la-plata-fundado-por-edgardo-antonio-vigo-en-1967\/","og_locale":"es_ES","og_type":"article","og_title":"#10 - \"Grabadores del Museo de la Xilograf\u00eda de La Plata- Fundado por Edgardo Antonio Vigo en 1967\u201d - UDE | \u00c1rea Cultural","og_description":"| FECHA:\u00a0Jueves 12\/10, 19 hs. El \u00c1rea Cultural de la Universidad del Este, en el marco del vig\u00e9simo aniversario del fallecimiento de Edgardo Antonio Vigo, propone y decide impulsar un trabajo en conjunto con el equipo del CAEV (Centro de Arte Experimental Vigo). Del 12 de octubre al 10 de noviembre abri\u00f3 la Exposici\u00f3n N\u00b010 &hellip; Continuar leyendo \"#10 &#8211; &#8220;Grabadores del Museo de la Xilograf\u00eda de La Plata- Fundado por Edgardo Antonio Vigo en 1967\u201d\"","og_url":"https:\/\/www.ude.edu.ar\/areacultural\/2017\/09\/26\/10-grabadores-del-museo-de-la-xilografia-de-la-plata-fundado-por-edgardo-antonio-vigo-en-1967\/","og_site_name":"UDE | \u00c1rea Cultural","article_published_time":"2017-09-26T18:45:46+00:00","article_modified_time":"2017-12-19T16:06:25+00:00","og_image":[{"url":"https:\/\/www.ude.edu.ar\/areacultural\/wp-content\/uploads\/sites\/3\/2017\/09\/web-vigo.png"}],"author":"ude-admin","twitter_card":"summary_large_image","twitter_misc":{"Escrito por":"ude-admin","Tiempo de lectura":"4 minutos"},"schema":{"@context":"https:\/\/schema.org","@graph":[{"@type":"WebPage","@id":"https:\/\/www.ude.edu.ar\/areacultural\/2017\/09\/26\/10-grabadores-del-museo-de-la-xilografia-de-la-plata-fundado-por-edgardo-antonio-vigo-en-1967\/","url":"https:\/\/www.ude.edu.ar\/areacultural\/2017\/09\/26\/10-grabadores-del-museo-de-la-xilografia-de-la-plata-fundado-por-edgardo-antonio-vigo-en-1967\/","name":"#10 - \"Grabadores del Museo de la Xilograf\u00eda de La Plata- Fundado por Edgardo Antonio Vigo en 1967\u201d - UDE | \u00c1rea Cultural","isPartOf":{"@id":"https:\/\/www.ude.edu.ar\/areacultural\/#website"},"primaryImageOfPage":{"@id":"https:\/\/www.ude.edu.ar\/areacultural\/2017\/09\/26\/10-grabadores-del-museo-de-la-xilografia-de-la-plata-fundado-por-edgardo-antonio-vigo-en-1967\/#primaryimage"},"image":{"@id":"https:\/\/www.ude.edu.ar\/areacultural\/2017\/09\/26\/10-grabadores-del-museo-de-la-xilografia-de-la-plata-fundado-por-edgardo-antonio-vigo-en-1967\/#primaryimage"},"thumbnailUrl":"https:\/\/www.ude.edu.ar\/areacultural\/wp-content\/uploads\/sites\/3\/2017\/09\/web-vigo.png","datePublished":"2017-09-26T18:45:46+00:00","dateModified":"2017-12-19T16:06:25+00:00","author":{"@id":"https:\/\/www.ude.edu.ar\/areacultural\/#\/schema\/person\/1b5e3fb142db28f2317fe6ab4363e1ba"},"breadcrumb":{"@id":"https:\/\/www.ude.edu.ar\/areacultural\/2017\/09\/26\/10-grabadores-del-museo-de-la-xilografia-de-la-plata-fundado-por-edgardo-antonio-vigo-en-1967\/#breadcrumb"},"inLanguage":"es-AR","potentialAction":[{"@type":"ReadAction","target":["https:\/\/www.ude.edu.ar\/areacultural\/2017\/09\/26\/10-grabadores-del-museo-de-la-xilografia-de-la-plata-fundado-por-edgardo-antonio-vigo-en-1967\/"]}]},{"@type":"ImageObject","inLanguage":"es-AR","@id":"https:\/\/www.ude.edu.ar\/areacultural\/2017\/09\/26\/10-grabadores-del-museo-de-la-xilografia-de-la-plata-fundado-por-edgardo-antonio-vigo-en-1967\/#primaryimage","url":"https:\/\/www.ude.edu.ar\/areacultural\/wp-content\/uploads\/sites\/3\/2017\/09\/web-vigo.png","contentUrl":"https:\/\/www.ude.edu.ar\/areacultural\/wp-content\/uploads\/sites\/3\/2017\/09\/web-vigo.png","width":1041,"height":241},{"@type":"BreadcrumbList","@id":"https:\/\/www.ude.edu.ar\/areacultural\/2017\/09\/26\/10-grabadores-del-museo-de-la-xilografia-de-la-plata-fundado-por-edgardo-antonio-vigo-en-1967\/#breadcrumb","itemListElement":[{"@type":"ListItem","position":1,"name":"Home","item":"https:\/\/www.ude.edu.ar\/areacultural\/"},{"@type":"ListItem","position":2,"name":"#10 &#8211; &#8220;Grabadores del Museo de la Xilograf\u00eda de La Plata- Fundado por Edgardo Antonio Vigo en 1967\u201d"}]},{"@type":"WebSite","@id":"https:\/\/www.ude.edu.ar\/areacultural\/#website","url":"https:\/\/www.ude.edu.ar\/areacultural\/","name":"UDE | \u00c1rea Cultural","description":"\u00c1rea Cultural de la Universidad del Este","potentialAction":[{"@type":"SearchAction","target":{"@type":"EntryPoint","urlTemplate":"https:\/\/www.ude.edu.ar\/areacultural\/?s={search_term_string}"},"query-input":"required name=search_term_string"}],"inLanguage":"es-AR"},{"@type":"Person","@id":"https:\/\/www.ude.edu.ar\/areacultural\/#\/schema\/person\/1b5e3fb142db28f2317fe6ab4363e1ba","name":"ude-admin","image":{"@type":"ImageObject","inLanguage":"es-AR","@id":"https:\/\/www.ude.edu.ar\/areacultural\/#\/schema\/person\/image\/","url":"https:\/\/www.ude.edu.ar\/areacultural\/wp-content\/uploads\/sites\/3\/2016\/04\/logo_512-96x96.jpg","contentUrl":"https:\/\/www.ude.edu.ar\/areacultural\/wp-content\/uploads\/sites\/3\/2016\/04\/logo_512-96x96.jpg","caption":"ude-admin"},"url":"https:\/\/www.ude.edu.ar\/areacultural\/author\/ude-admin\/"}]}},"_links":{"self":[{"href":"https:\/\/www.ude.edu.ar\/areacultural\/wp-json\/wp\/v2\/posts\/775"}],"collection":[{"href":"https:\/\/www.ude.edu.ar\/areacultural\/wp-json\/wp\/v2\/posts"}],"about":[{"href":"https:\/\/www.ude.edu.ar\/areacultural\/wp-json\/wp\/v2\/types\/post"}],"author":[{"embeddable":true,"href":"https:\/\/www.ude.edu.ar\/areacultural\/wp-json\/wp\/v2\/users\/2"}],"replies":[{"embeddable":true,"href":"https:\/\/www.ude.edu.ar\/areacultural\/wp-json\/wp\/v2\/comments?post=775"}],"version-history":[{"count":21,"href":"https:\/\/www.ude.edu.ar\/areacultural\/wp-json\/wp\/v2\/posts\/775\/revisions"}],"predecessor-version":[{"id":871,"href":"https:\/\/www.ude.edu.ar\/areacultural\/wp-json\/wp\/v2\/posts\/775\/revisions\/871"}],"wp:attachment":[{"href":"https:\/\/www.ude.edu.ar\/areacultural\/wp-json\/wp\/v2\/media?parent=775"}],"wp:term":[{"taxonomy":"category","embeddable":true,"href":"https:\/\/www.ude.edu.ar\/areacultural\/wp-json\/wp\/v2\/categories?post=775"},{"taxonomy":"post_tag","embeddable":true,"href":"https:\/\/www.ude.edu.ar\/areacultural\/wp-json\/wp\/v2\/tags?post=775"}],"curies":[{"name":"wp","href":"https:\/\/api.w.org\/{rel}","templated":true}]}}