{"id":746,"date":"2017-09-01T15:51:37","date_gmt":"2017-09-01T18:51:37","guid":{"rendered":"https:\/\/www.ude.edu.ar\/areacultural\/?p=746"},"modified":"2017-09-12T16:41:43","modified_gmt":"2017-09-12T19:41:43","slug":"9-andar-caballo","status":"publish","type":"post","link":"https:\/\/www.ude.edu.ar\/areacultural\/2017\/09\/01\/9-andar-caballo\/","title":{"rendered":"#9 &#8211; &#8220;Andar a caballo&#8221;"},"content":{"rendered":"<p><strong>ARTISTA:<\/strong>\u00a0Irene Ripa Alsina | <strong>FECHA:<\/strong>\u00a0Jueves 07\/09, 19 hs.<\/p>\n<p><img decoding=\"async\" class=\"aligncenter size-full wp-image-747\" src=\"https:\/\/www.ude.edu.ar\/areacultural\/wp-content\/uploads\/sites\/3\/2017\/07\/web-irenei.png\" alt=\"\" width=\"100%\" srcset=\"https:\/\/www.ude.edu.ar\/areacultural\/wp-content\/uploads\/sites\/3\/2017\/07\/web-irenei.png 1041w, https:\/\/www.ude.edu.ar\/areacultural\/wp-content\/uploads\/sites\/3\/2017\/07\/web-irenei-300x69.png 300w, https:\/\/www.ude.edu.ar\/areacultural\/wp-content\/uploads\/sites\/3\/2017\/07\/web-irenei-1024x237.png 1024w\" sizes=\"(max-width: 709px) 85vw, (max-width: 909px) 67vw, (max-width: 1362px) 62vw, 840px\" \/><\/p>\n<blockquote><p>Cuenta la historia que en alg\u00fan momento existieron caballos aut\u00f3ctonos en toda Am\u00e9rica y que luego se extinguieron. Hasta la llegada de los espa\u00f1oles en el siglo XV no se ten\u00eda memoria ni conocimiento de los caballos. El caballo fue tra\u00eddo por los conquistadores a Am\u00e9rica. Los caballos luego, tuvieron toda una historia en las batallas, en la vida de las personas y en las familias. El caballo gener\u00f3 alrededor de s\u00ed, toda una cultura, un h\u00e1bito y una adoraci\u00f3n.<\/p>\n<p>Irene cruza el campo como cruza la ciudad. Atraviesa el campo y el arte. Habla de pintura y al rato, cuenta que esta tomando clases de pelajes. Distingue colores, formas, manchitas.<br \/>\nIrene ense\u00f1a como subirse al caballo, como atravesar un charco de barro, como andar, como en-tenderlos.<br \/>\nElla y los que la siguen, emprenden el camino en esa conversaci\u00f3n,<br \/>\nentre el paisaje y sus caballos.<\/p>\n<p>En el recorrido, el aire es otro.<br \/>\nLas colas, la crin, el pelaje.<br \/>\nLas manchas ondulantes de los p\u00e1jaros, el agua, el olor a pasto.<br \/>\nA lo lejos alguien galopando,<br \/>\nA lo lejos alguien trabajando,<br \/>\ny el sol.<\/p>\n<p>Lo simple, lo austero y lo delicado,<br \/>\nFormas que atraviesan un linaje.<br \/>\nEl detalle, el fragmento y las repeticiones,<br \/>\nen el blanco que los separa y encuentra.<br \/>\nel tiempo, el recorrido<br \/>\ny el gesto de lo heredado,<br \/>\nandar a caballo.<\/p>\n<p>TXT: Florencia Cugat<\/p><\/blockquote>\n<p>&nbsp;<\/p>\n<p><img decoding=\"async\" class=\"size-full wp-image-765 aligncenter\" src=\"https:\/\/www.ude.edu.ar\/areacultural\/wp-content\/uploads\/sites\/3\/2017\/09\/MG_4213.jpg\" alt=\"\" width=\"100%\" srcset=\"https:\/\/www.ude.edu.ar\/areacultural\/wp-content\/uploads\/sites\/3\/2017\/09\/MG_4213.jpg 1296w, https:\/\/www.ude.edu.ar\/areacultural\/wp-content\/uploads\/sites\/3\/2017\/09\/MG_4213-300x200.jpg 300w, https:\/\/www.ude.edu.ar\/areacultural\/wp-content\/uploads\/sites\/3\/2017\/09\/MG_4213-1024x683.jpg 1024w, https:\/\/www.ude.edu.ar\/areacultural\/wp-content\/uploads\/sites\/3\/2017\/09\/MG_4213-1200x800.jpg 1200w\" sizes=\"(max-width: 709px) 85vw, (max-width: 909px) 67vw, (max-width: 1362px) 62vw, 840px\" \/> <img decoding=\"async\" class=\"size-full wp-image-766 aligncenter\" src=\"https:\/\/www.ude.edu.ar\/areacultural\/wp-content\/uploads\/sites\/3\/2017\/09\/MG_4272.jpg\" alt=\"\" width=\"100%\" srcset=\"https:\/\/www.ude.edu.ar\/areacultural\/wp-content\/uploads\/sites\/3\/2017\/09\/MG_4272.jpg 1296w, https:\/\/www.ude.edu.ar\/areacultural\/wp-content\/uploads\/sites\/3\/2017\/09\/MG_4272-300x200.jpg 300w, https:\/\/www.ude.edu.ar\/areacultural\/wp-content\/uploads\/sites\/3\/2017\/09\/MG_4272-1024x683.jpg 1024w, https:\/\/www.ude.edu.ar\/areacultural\/wp-content\/uploads\/sites\/3\/2017\/09\/MG_4272-1200x800.jpg 1200w\" sizes=\"(max-width: 709px) 85vw, (max-width: 909px) 67vw, (max-width: 1362px) 62vw, 840px\" \/><br \/>\n<img decoding=\"async\" class=\"size-full wp-image-767 alignleft\" src=\"https:\/\/www.ude.edu.ar\/areacultural\/wp-content\/uploads\/sites\/3\/2017\/09\/MG_4317.jpg\" alt=\"\" width=\"100%\" srcset=\"https:\/\/www.ude.edu.ar\/areacultural\/wp-content\/uploads\/sites\/3\/2017\/09\/MG_4317.jpg 1296w, https:\/\/www.ude.edu.ar\/areacultural\/wp-content\/uploads\/sites\/3\/2017\/09\/MG_4317-300x200.jpg 300w, https:\/\/www.ude.edu.ar\/areacultural\/wp-content\/uploads\/sites\/3\/2017\/09\/MG_4317-1024x683.jpg 1024w, https:\/\/www.ude.edu.ar\/areacultural\/wp-content\/uploads\/sites\/3\/2017\/09\/MG_4317-1200x800.jpg 1200w\" sizes=\"(max-width: 709px) 85vw, (max-width: 909px) 67vw, (max-width: 1362px) 62vw, 840px\" \/> <img decoding=\"async\" class=\"size-full wp-image-768 alignright\" src=\"https:\/\/www.ude.edu.ar\/areacultural\/wp-content\/uploads\/sites\/3\/2017\/09\/MG_4354.jpg\" alt=\"\" width=\"100%\" srcset=\"https:\/\/www.ude.edu.ar\/areacultural\/wp-content\/uploads\/sites\/3\/2017\/09\/MG_4354.jpg 1296w, https:\/\/www.ude.edu.ar\/areacultural\/wp-content\/uploads\/sites\/3\/2017\/09\/MG_4354-300x200.jpg 300w, https:\/\/www.ude.edu.ar\/areacultural\/wp-content\/uploads\/sites\/3\/2017\/09\/MG_4354-1024x683.jpg 1024w, https:\/\/www.ude.edu.ar\/areacultural\/wp-content\/uploads\/sites\/3\/2017\/09\/MG_4354-1200x800.jpg 1200w\" sizes=\"(max-width: 709px) 85vw, (max-width: 909px) 67vw, (max-width: 1362px) 62vw, 840px\" \/><br \/>\n<img decoding=\"async\" class=\"size-full wp-image-769 alignleft\" src=\"https:\/\/www.ude.edu.ar\/areacultural\/wp-content\/uploads\/sites\/3\/2017\/09\/1.jpg\" alt=\"\" width=\"100%\" srcset=\"https:\/\/www.ude.edu.ar\/areacultural\/wp-content\/uploads\/sites\/3\/2017\/09\/1.jpg 1296w, https:\/\/www.ude.edu.ar\/areacultural\/wp-content\/uploads\/sites\/3\/2017\/09\/1-300x200.jpg 300w, https:\/\/www.ude.edu.ar\/areacultural\/wp-content\/uploads\/sites\/3\/2017\/09\/1-1024x683.jpg 1024w, https:\/\/www.ude.edu.ar\/areacultural\/wp-content\/uploads\/sites\/3\/2017\/09\/1-1200x800.jpg 1200w\" sizes=\"(max-width: 709px) 85vw, (max-width: 909px) 67vw, (max-width: 1362px) 62vw, 840px\" \/> <img decoding=\"async\" class=\"size-full wp-image-770 alignright\" src=\"https:\/\/www.ude.edu.ar\/areacultural\/wp-content\/uploads\/sites\/3\/2017\/09\/2.jpg\" alt=\"\" width=\"100%\" srcset=\"https:\/\/www.ude.edu.ar\/areacultural\/wp-content\/uploads\/sites\/3\/2017\/09\/2.jpg 1271w, https:\/\/www.ude.edu.ar\/areacultural\/wp-content\/uploads\/sites\/3\/2017\/09\/2-300x200.jpg 300w, https:\/\/www.ude.edu.ar\/areacultural\/wp-content\/uploads\/sites\/3\/2017\/09\/2-1024x682.jpg 1024w, https:\/\/www.ude.edu.ar\/areacultural\/wp-content\/uploads\/sites\/3\/2017\/09\/2-1200x800.jpg 1200w\" sizes=\"(max-width: 709px) 85vw, (max-width: 909px) 67vw, (max-width: 1362px) 62vw, 840px\" \/><br \/>\n<img decoding=\"async\" class=\"size-full wp-image-771 alignright\" src=\"https:\/\/www.ude.edu.ar\/areacultural\/wp-content\/uploads\/sites\/3\/2017\/09\/3.jpg\" alt=\"\" width=\"100%\" srcset=\"https:\/\/www.ude.edu.ar\/areacultural\/wp-content\/uploads\/sites\/3\/2017\/09\/3.jpg 1296w, https:\/\/www.ude.edu.ar\/areacultural\/wp-content\/uploads\/sites\/3\/2017\/09\/3-300x200.jpg 300w, https:\/\/www.ude.edu.ar\/areacultural\/wp-content\/uploads\/sites\/3\/2017\/09\/3-1024x683.jpg 1024w, https:\/\/www.ude.edu.ar\/areacultural\/wp-content\/uploads\/sites\/3\/2017\/09\/3-1200x800.jpg 1200w\" sizes=\"(max-width: 709px) 85vw, (max-width: 909px) 67vw, (max-width: 1362px) 62vw, 840px\" \/> <img decoding=\"async\" class=\"size-full wp-image-772 alignleft\" src=\"https:\/\/www.ude.edu.ar\/areacultural\/wp-content\/uploads\/sites\/3\/2017\/09\/4.jpg\" alt=\"\" width=\"100%\" srcset=\"https:\/\/www.ude.edu.ar\/areacultural\/wp-content\/uploads\/sites\/3\/2017\/09\/4.jpg 1296w, https:\/\/www.ude.edu.ar\/areacultural\/wp-content\/uploads\/sites\/3\/2017\/09\/4-300x200.jpg 300w, https:\/\/www.ude.edu.ar\/areacultural\/wp-content\/uploads\/sites\/3\/2017\/09\/4-1024x683.jpg 1024w, https:\/\/www.ude.edu.ar\/areacultural\/wp-content\/uploads\/sites\/3\/2017\/09\/4-1200x800.jpg 1200w\" sizes=\"(max-width: 709px) 85vw, (max-width: 909px) 67vw, (max-width: 1362px) 62vw, 840px\" \/><\/p>\n","protected":false},"excerpt":{"rendered":"<p>ARTISTA:\u00a0Irene Ripa Alsina | FECHA:\u00a0Jueves 07\/09, 19 hs. Cuenta la historia que en alg\u00fan momento existieron caballos aut\u00f3ctonos en toda Am\u00e9rica y que luego se extinguieron. Hasta la llegada de los espa\u00f1oles en el siglo XV no se ten\u00eda memoria ni conocimiento de los caballos. El caballo fue tra\u00eddo por los conquistadores a Am\u00e9rica. Los &hellip; <a href=\"https:\/\/www.ude.edu.ar\/areacultural\/2017\/09\/01\/9-andar-caballo\/\" class=\"more-link\">Continuar leyendo<span class=\"screen-reader-text\"> &#8220;#9 &#8211; &#8220;Andar a caballo&#8221;&#8221;<\/span><\/a><\/p>\n","protected":false},"author":2,"featured_media":0,"comment_status":"closed","ping_status":"open","sticky":false,"template":"","format":"standard","meta":{"_acf_changed":false,"footnotes":""},"categories":[5],"tags":[],"acf":[],"yoast_head":"<!-- This site is optimized with the Yoast SEO plugin v22.8 - https:\/\/yoast.com\/wordpress\/plugins\/seo\/ -->\n<title>#9 - &quot;Andar a caballo&quot; - UDE | \u00c1rea Cultural<\/title>\n<meta name=\"robots\" content=\"index, follow, max-snippet:-1, max-image-preview:large, max-video-preview:-1\" \/>\n<link rel=\"canonical\" href=\"https:\/\/www.ude.edu.ar\/areacultural\/2017\/09\/01\/9-andar-caballo\/\" \/>\n<meta property=\"og:locale\" content=\"es_ES\" \/>\n<meta property=\"og:type\" content=\"article\" \/>\n<meta property=\"og:title\" content=\"#9 - &quot;Andar a caballo&quot; - UDE | \u00c1rea Cultural\" \/>\n<meta property=\"og:description\" content=\"ARTISTA:\u00a0Irene Ripa Alsina | FECHA:\u00a0Jueves 07\/09, 19 hs. Cuenta la historia que en alg\u00fan momento existieron caballos aut\u00f3ctonos en toda Am\u00e9rica y que luego se extinguieron. Hasta la llegada de los espa\u00f1oles en el siglo XV no se ten\u00eda memoria ni conocimiento de los caballos. El caballo fue tra\u00eddo por los conquistadores a Am\u00e9rica. Los &hellip; Continuar leyendo &quot;#9 &#8211; &#8220;Andar a caballo&#8221;&quot;\" \/>\n<meta property=\"og:url\" content=\"https:\/\/www.ude.edu.ar\/areacultural\/2017\/09\/01\/9-andar-caballo\/\" \/>\n<meta property=\"og:site_name\" content=\"UDE | \u00c1rea Cultural\" \/>\n<meta property=\"article:published_time\" content=\"2017-09-01T18:51:37+00:00\" \/>\n<meta property=\"article:modified_time\" content=\"2017-09-12T19:41:43+00:00\" \/>\n<meta property=\"og:image\" content=\"https:\/\/www.ude.edu.ar\/areacultural\/wp-content\/uploads\/sites\/3\/2017\/07\/web-irenei.png\" \/>\n<meta name=\"author\" content=\"ude-admin\" \/>\n<meta name=\"twitter:card\" content=\"summary_large_image\" \/>\n<meta name=\"twitter:label1\" content=\"Escrito por\" \/>\n\t<meta name=\"twitter:data1\" content=\"ude-admin\" \/>\n\t<meta name=\"twitter:label2\" content=\"Tiempo de lectura\" \/>\n\t<meta name=\"twitter:data2\" content=\"1 minuto\" \/>\n<script type=\"application\/ld+json\" class=\"yoast-schema-graph\">{\"@context\":\"https:\/\/schema.org\",\"@graph\":[{\"@type\":\"WebPage\",\"@id\":\"https:\/\/www.ude.edu.ar\/areacultural\/2017\/09\/01\/9-andar-caballo\/\",\"url\":\"https:\/\/www.ude.edu.ar\/areacultural\/2017\/09\/01\/9-andar-caballo\/\",\"name\":\"#9 - \\\"Andar a caballo\\\" - UDE | \u00c1rea Cultural\",\"isPartOf\":{\"@id\":\"https:\/\/www.ude.edu.ar\/areacultural\/#website\"},\"primaryImageOfPage\":{\"@id\":\"https:\/\/www.ude.edu.ar\/areacultural\/2017\/09\/01\/9-andar-caballo\/#primaryimage\"},\"image\":{\"@id\":\"https:\/\/www.ude.edu.ar\/areacultural\/2017\/09\/01\/9-andar-caballo\/#primaryimage\"},\"thumbnailUrl\":\"https:\/\/www.ude.edu.ar\/areacultural\/wp-content\/uploads\/sites\/3\/2017\/07\/web-irenei.png\",\"datePublished\":\"2017-09-01T18:51:37+00:00\",\"dateModified\":\"2017-09-12T19:41:43+00:00\",\"author\":{\"@id\":\"https:\/\/www.ude.edu.ar\/areacultural\/#\/schema\/person\/1b5e3fb142db28f2317fe6ab4363e1ba\"},\"breadcrumb\":{\"@id\":\"https:\/\/www.ude.edu.ar\/areacultural\/2017\/09\/01\/9-andar-caballo\/#breadcrumb\"},\"inLanguage\":\"es-AR\",\"potentialAction\":[{\"@type\":\"ReadAction\",\"target\":[\"https:\/\/www.ude.edu.ar\/areacultural\/2017\/09\/01\/9-andar-caballo\/\"]}]},{\"@type\":\"ImageObject\",\"inLanguage\":\"es-AR\",\"@id\":\"https:\/\/www.ude.edu.ar\/areacultural\/2017\/09\/01\/9-andar-caballo\/#primaryimage\",\"url\":\"https:\/\/www.ude.edu.ar\/areacultural\/wp-content\/uploads\/sites\/3\/2017\/07\/web-irenei.png\",\"contentUrl\":\"https:\/\/www.ude.edu.ar\/areacultural\/wp-content\/uploads\/sites\/3\/2017\/07\/web-irenei.png\",\"width\":1041,\"height\":241},{\"@type\":\"BreadcrumbList\",\"@id\":\"https:\/\/www.ude.edu.ar\/areacultural\/2017\/09\/01\/9-andar-caballo\/#breadcrumb\",\"itemListElement\":[{\"@type\":\"ListItem\",\"position\":1,\"name\":\"Home\",\"item\":\"https:\/\/www.ude.edu.ar\/areacultural\/\"},{\"@type\":\"ListItem\",\"position\":2,\"name\":\"#9 &#8211; &#8220;Andar a caballo&#8221;\"}]},{\"@type\":\"WebSite\",\"@id\":\"https:\/\/www.ude.edu.ar\/areacultural\/#website\",\"url\":\"https:\/\/www.ude.edu.ar\/areacultural\/\",\"name\":\"UDE | \u00c1rea Cultural\",\"description\":\"\u00c1rea Cultural de la Universidad del Este\",\"potentialAction\":[{\"@type\":\"SearchAction\",\"target\":{\"@type\":\"EntryPoint\",\"urlTemplate\":\"https:\/\/www.ude.edu.ar\/areacultural\/?s={search_term_string}\"},\"query-input\":\"required name=search_term_string\"}],\"inLanguage\":\"es-AR\"},{\"@type\":\"Person\",\"@id\":\"https:\/\/www.ude.edu.ar\/areacultural\/#\/schema\/person\/1b5e3fb142db28f2317fe6ab4363e1ba\",\"name\":\"ude-admin\",\"image\":{\"@type\":\"ImageObject\",\"inLanguage\":\"es-AR\",\"@id\":\"https:\/\/www.ude.edu.ar\/areacultural\/#\/schema\/person\/image\/\",\"url\":\"https:\/\/www.ude.edu.ar\/areacultural\/wp-content\/uploads\/sites\/3\/2016\/04\/logo_512-96x96.jpg\",\"contentUrl\":\"https:\/\/www.ude.edu.ar\/areacultural\/wp-content\/uploads\/sites\/3\/2016\/04\/logo_512-96x96.jpg\",\"caption\":\"ude-admin\"},\"url\":\"https:\/\/www.ude.edu.ar\/areacultural\/author\/ude-admin\/\"}]}<\/script>\n<!-- \/ Yoast SEO plugin. -->","yoast_head_json":{"title":"#9 - \"Andar a caballo\" - UDE | \u00c1rea Cultural","robots":{"index":"index","follow":"follow","max-snippet":"max-snippet:-1","max-image-preview":"max-image-preview:large","max-video-preview":"max-video-preview:-1"},"canonical":"https:\/\/www.ude.edu.ar\/areacultural\/2017\/09\/01\/9-andar-caballo\/","og_locale":"es_ES","og_type":"article","og_title":"#9 - \"Andar a caballo\" - UDE | \u00c1rea Cultural","og_description":"ARTISTA:\u00a0Irene Ripa Alsina | FECHA:\u00a0Jueves 07\/09, 19 hs. Cuenta la historia que en alg\u00fan momento existieron caballos aut\u00f3ctonos en toda Am\u00e9rica y que luego se extinguieron. Hasta la llegada de los espa\u00f1oles en el siglo XV no se ten\u00eda memoria ni conocimiento de los caballos. El caballo fue tra\u00eddo por los conquistadores a Am\u00e9rica. Los &hellip; Continuar leyendo \"#9 &#8211; &#8220;Andar a caballo&#8221;\"","og_url":"https:\/\/www.ude.edu.ar\/areacultural\/2017\/09\/01\/9-andar-caballo\/","og_site_name":"UDE | \u00c1rea Cultural","article_published_time":"2017-09-01T18:51:37+00:00","article_modified_time":"2017-09-12T19:41:43+00:00","og_image":[{"url":"https:\/\/www.ude.edu.ar\/areacultural\/wp-content\/uploads\/sites\/3\/2017\/07\/web-irenei.png"}],"author":"ude-admin","twitter_card":"summary_large_image","twitter_misc":{"Escrito por":"ude-admin","Tiempo de lectura":"1 minuto"},"schema":{"@context":"https:\/\/schema.org","@graph":[{"@type":"WebPage","@id":"https:\/\/www.ude.edu.ar\/areacultural\/2017\/09\/01\/9-andar-caballo\/","url":"https:\/\/www.ude.edu.ar\/areacultural\/2017\/09\/01\/9-andar-caballo\/","name":"#9 - \"Andar a caballo\" - UDE | \u00c1rea Cultural","isPartOf":{"@id":"https:\/\/www.ude.edu.ar\/areacultural\/#website"},"primaryImageOfPage":{"@id":"https:\/\/www.ude.edu.ar\/areacultural\/2017\/09\/01\/9-andar-caballo\/#primaryimage"},"image":{"@id":"https:\/\/www.ude.edu.ar\/areacultural\/2017\/09\/01\/9-andar-caballo\/#primaryimage"},"thumbnailUrl":"https:\/\/www.ude.edu.ar\/areacultural\/wp-content\/uploads\/sites\/3\/2017\/07\/web-irenei.png","datePublished":"2017-09-01T18:51:37+00:00","dateModified":"2017-09-12T19:41:43+00:00","author":{"@id":"https:\/\/www.ude.edu.ar\/areacultural\/#\/schema\/person\/1b5e3fb142db28f2317fe6ab4363e1ba"},"breadcrumb":{"@id":"https:\/\/www.ude.edu.ar\/areacultural\/2017\/09\/01\/9-andar-caballo\/#breadcrumb"},"inLanguage":"es-AR","potentialAction":[{"@type":"ReadAction","target":["https:\/\/www.ude.edu.ar\/areacultural\/2017\/09\/01\/9-andar-caballo\/"]}]},{"@type":"ImageObject","inLanguage":"es-AR","@id":"https:\/\/www.ude.edu.ar\/areacultural\/2017\/09\/01\/9-andar-caballo\/#primaryimage","url":"https:\/\/www.ude.edu.ar\/areacultural\/wp-content\/uploads\/sites\/3\/2017\/07\/web-irenei.png","contentUrl":"https:\/\/www.ude.edu.ar\/areacultural\/wp-content\/uploads\/sites\/3\/2017\/07\/web-irenei.png","width":1041,"height":241},{"@type":"BreadcrumbList","@id":"https:\/\/www.ude.edu.ar\/areacultural\/2017\/09\/01\/9-andar-caballo\/#breadcrumb","itemListElement":[{"@type":"ListItem","position":1,"name":"Home","item":"https:\/\/www.ude.edu.ar\/areacultural\/"},{"@type":"ListItem","position":2,"name":"#9 &#8211; &#8220;Andar a caballo&#8221;"}]},{"@type":"WebSite","@id":"https:\/\/www.ude.edu.ar\/areacultural\/#website","url":"https:\/\/www.ude.edu.ar\/areacultural\/","name":"UDE | \u00c1rea Cultural","description":"\u00c1rea Cultural de la Universidad del Este","potentialAction":[{"@type":"SearchAction","target":{"@type":"EntryPoint","urlTemplate":"https:\/\/www.ude.edu.ar\/areacultural\/?s={search_term_string}"},"query-input":"required name=search_term_string"}],"inLanguage":"es-AR"},{"@type":"Person","@id":"https:\/\/www.ude.edu.ar\/areacultural\/#\/schema\/person\/1b5e3fb142db28f2317fe6ab4363e1ba","name":"ude-admin","image":{"@type":"ImageObject","inLanguage":"es-AR","@id":"https:\/\/www.ude.edu.ar\/areacultural\/#\/schema\/person\/image\/","url":"https:\/\/www.ude.edu.ar\/areacultural\/wp-content\/uploads\/sites\/3\/2016\/04\/logo_512-96x96.jpg","contentUrl":"https:\/\/www.ude.edu.ar\/areacultural\/wp-content\/uploads\/sites\/3\/2016\/04\/logo_512-96x96.jpg","caption":"ude-admin"},"url":"https:\/\/www.ude.edu.ar\/areacultural\/author\/ude-admin\/"}]}},"_links":{"self":[{"href":"https:\/\/www.ude.edu.ar\/areacultural\/wp-json\/wp\/v2\/posts\/746"}],"collection":[{"href":"https:\/\/www.ude.edu.ar\/areacultural\/wp-json\/wp\/v2\/posts"}],"about":[{"href":"https:\/\/www.ude.edu.ar\/areacultural\/wp-json\/wp\/v2\/types\/post"}],"author":[{"embeddable":true,"href":"https:\/\/www.ude.edu.ar\/areacultural\/wp-json\/wp\/v2\/users\/2"}],"replies":[{"embeddable":true,"href":"https:\/\/www.ude.edu.ar\/areacultural\/wp-json\/wp\/v2\/comments?post=746"}],"version-history":[{"count":4,"href":"https:\/\/www.ude.edu.ar\/areacultural\/wp-json\/wp\/v2\/posts\/746\/revisions"}],"predecessor-version":[{"id":773,"href":"https:\/\/www.ude.edu.ar\/areacultural\/wp-json\/wp\/v2\/posts\/746\/revisions\/773"}],"wp:attachment":[{"href":"https:\/\/www.ude.edu.ar\/areacultural\/wp-json\/wp\/v2\/media?parent=746"}],"wp:term":[{"taxonomy":"category","embeddable":true,"href":"https:\/\/www.ude.edu.ar\/areacultural\/wp-json\/wp\/v2\/categories?post=746"},{"taxonomy":"post_tag","embeddable":true,"href":"https:\/\/www.ude.edu.ar\/areacultural\/wp-json\/wp\/v2\/tags?post=746"}],"curies":[{"name":"wp","href":"https:\/\/api.w.org\/{rel}","templated":true}]}}