{"id":689,"date":"2017-08-02T10:54:14","date_gmt":"2017-08-02T13:54:14","guid":{"rendered":"https:\/\/www.ude.edu.ar\/areacultural\/?p=689"},"modified":"2017-12-19T13:08:39","modified_gmt":"2017-12-19T16:08:39","slug":"2do-salon-artes-visuales-universidad-del-este","status":"publish","type":"post","link":"https:\/\/www.ude.edu.ar\/areacultural\/2017\/08\/02\/2do-salon-artes-visuales-universidad-del-este\/","title":{"rendered":"2do Sal\u00f3n de Artes Visuales &#8211; Universidad del Este"},"content":{"rendered":"<h2>Segundo Sal\u00f3n de Artes Visuales<\/h2>\n<p>La Universidad del Este de la ciudad de La Plata convoc\u00f3 a todos los artistas de la Provincia de Buenos Aires a presentar sus obras en <i id=\"yui_3_16_0_ym19_1_1495549577590_4590\">la II Edici\u00f3n del SAL\u00d3N DE ARTES VISUALES DE LA UNIVERSIDAD DEL ESTE<\/i>.<\/p>\n<p><iframe loading=\"lazy\" src=\"https:\/\/www.youtube.com\/embed\/PfAS56H2b-o\" width=\"560\" height=\"315\" frameborder=\"0\" allowfullscreen=\"allowfullscreen\"><\/iframe><\/p>\n<p>Compartimos la n\u00f3mina de premiados y sus obras de la disciplina en\u00a0<strong>GRABADO Y ARTE IMPRESO.<\/strong><\/p>\n<p><img loading=\"lazy\" decoding=\"async\" class=\"aligncenter size-full wp-image-703\" src=\"https:\/\/www.ude.edu.ar\/areacultural\/wp-content\/uploads\/sites\/3\/2016\/05\/premiados-web1.png\" alt=\"\" width=\"1920\" height=\"1359\" srcset=\"https:\/\/www.ude.edu.ar\/areacultural\/wp-content\/uploads\/sites\/3\/2016\/05\/premiados-web1.png 1920w, https:\/\/www.ude.edu.ar\/areacultural\/wp-content\/uploads\/sites\/3\/2016\/05\/premiados-web1-300x212.png 300w, https:\/\/www.ude.edu.ar\/areacultural\/wp-content\/uploads\/sites\/3\/2016\/05\/premiados-web1-1024x725.png 1024w, https:\/\/www.ude.edu.ar\/areacultural\/wp-content\/uploads\/sites\/3\/2016\/05\/premiados-web1-1200x849.png 1200w\" sizes=\"(max-width: 709px) 85vw, (max-width: 909px) 67vw, (max-width: 1362px) 62vw, 840px\" \/> <img loading=\"lazy\" decoding=\"async\" class=\"aligncenter size-full wp-image-704\" src=\"https:\/\/www.ude.edu.ar\/areacultural\/wp-content\/uploads\/sites\/3\/2016\/05\/premiados-web2.png\" alt=\"\" width=\"1920\" height=\"1359\" srcset=\"https:\/\/www.ude.edu.ar\/areacultural\/wp-content\/uploads\/sites\/3\/2016\/05\/premiados-web2.png 1920w, https:\/\/www.ude.edu.ar\/areacultural\/wp-content\/uploads\/sites\/3\/2016\/05\/premiados-web2-300x212.png 300w, https:\/\/www.ude.edu.ar\/areacultural\/wp-content\/uploads\/sites\/3\/2016\/05\/premiados-web2-1024x725.png 1024w, https:\/\/www.ude.edu.ar\/areacultural\/wp-content\/uploads\/sites\/3\/2016\/05\/premiados-web2-1200x849.png 1200w\" sizes=\"(max-width: 709px) 85vw, (max-width: 909px) 67vw, (max-width: 1362px) 62vw, 840px\" \/> <img loading=\"lazy\" decoding=\"async\" class=\"aligncenter size-full wp-image-705\" src=\"https:\/\/www.ude.edu.ar\/areacultural\/wp-content\/uploads\/sites\/3\/2016\/05\/premiados-web3.png\" alt=\"\" width=\"1920\" height=\"1359\" srcset=\"https:\/\/www.ude.edu.ar\/areacultural\/wp-content\/uploads\/sites\/3\/2016\/05\/premiados-web3.png 1920w, https:\/\/www.ude.edu.ar\/areacultural\/wp-content\/uploads\/sites\/3\/2016\/05\/premiados-web3-300x212.png 300w, https:\/\/www.ude.edu.ar\/areacultural\/wp-content\/uploads\/sites\/3\/2016\/05\/premiados-web3-1024x725.png 1024w, https:\/\/www.ude.edu.ar\/areacultural\/wp-content\/uploads\/sites\/3\/2016\/05\/premiados-web3-1200x849.png 1200w\" sizes=\"(max-width: 709px) 85vw, (max-width: 909px) 67vw, (max-width: 1362px) 62vw, 840px\" \/> <img loading=\"lazy\" decoding=\"async\" class=\"aligncenter size-full wp-image-706\" src=\"https:\/\/www.ude.edu.ar\/areacultural\/wp-content\/uploads\/sites\/3\/2016\/05\/premiados-web4.png\" alt=\"\" width=\"1920\" height=\"1359\" srcset=\"https:\/\/www.ude.edu.ar\/areacultural\/wp-content\/uploads\/sites\/3\/2016\/05\/premiados-web4.png 1920w, https:\/\/www.ude.edu.ar\/areacultural\/wp-content\/uploads\/sites\/3\/2016\/05\/premiados-web4-300x212.png 300w, https:\/\/www.ude.edu.ar\/areacultural\/wp-content\/uploads\/sites\/3\/2016\/05\/premiados-web4-1024x725.png 1024w, https:\/\/www.ude.edu.ar\/areacultural\/wp-content\/uploads\/sites\/3\/2016\/05\/premiados-web4-1200x849.png 1200w\" sizes=\"(max-width: 709px) 85vw, (max-width: 909px) 67vw, (max-width: 1362px) 62vw, 840px\" \/> <img loading=\"lazy\" decoding=\"async\" class=\"aligncenter size-full wp-image-707\" src=\"https:\/\/www.ude.edu.ar\/areacultural\/wp-content\/uploads\/sites\/3\/2016\/05\/premiados-web5.png\" alt=\"\" width=\"1920\" height=\"1359\" srcset=\"https:\/\/www.ude.edu.ar\/areacultural\/wp-content\/uploads\/sites\/3\/2016\/05\/premiados-web5.png 1920w, https:\/\/www.ude.edu.ar\/areacultural\/wp-content\/uploads\/sites\/3\/2016\/05\/premiados-web5-300x212.png 300w, https:\/\/www.ude.edu.ar\/areacultural\/wp-content\/uploads\/sites\/3\/2016\/05\/premiados-web5-1024x725.png 1024w, https:\/\/www.ude.edu.ar\/areacultural\/wp-content\/uploads\/sites\/3\/2016\/05\/premiados-web5-1200x849.png 1200w\" sizes=\"(max-width: 709px) 85vw, (max-width: 909px) 67vw, (max-width: 1362px) 62vw, 840px\" \/><\/p>\n<p><img loading=\"lazy\" decoding=\"async\" class=\"aligncenter size-full wp-image-711\" src=\"https:\/\/www.ude.edu.ar\/areacultural\/wp-content\/uploads\/sites\/3\/2016\/05\/premiados-web6.png\" alt=\"\" width=\"1920\" height=\"1359\" srcset=\"https:\/\/www.ude.edu.ar\/areacultural\/wp-content\/uploads\/sites\/3\/2016\/05\/premiados-web6.png 1920w, https:\/\/www.ude.edu.ar\/areacultural\/wp-content\/uploads\/sites\/3\/2016\/05\/premiados-web6-300x212.png 300w, https:\/\/www.ude.edu.ar\/areacultural\/wp-content\/uploads\/sites\/3\/2016\/05\/premiados-web6-1024x725.png 1024w, https:\/\/www.ude.edu.ar\/areacultural\/wp-content\/uploads\/sites\/3\/2016\/05\/premiados-web6-1200x849.png 1200w\" sizes=\"(max-width: 709px) 85vw, (max-width: 909px) 67vw, (max-width: 1362px) 62vw, 840px\" \/><\/p>\n<h2 id=\"yui_3_16_0_ym19_1_1463143831161_12576\" class=\"yiv4912218032MsoNormal\">Jurado:<\/h2>\n<p style=\"text-align: justify;\"><strong>&gt;\u00a0Mar\u00eda de las Mercedes Reitano &#8211;\u00a0<\/strong><a href=\"https:\/\/www.ude.edu.ar\/areacultural\/wp-content\/uploads\/sites\/3\/2017\/06\/CV-MERCEDESREITANO.pdf\">ver cv<\/a><\/p>\n<p style=\"text-align: justify;\"><strong>&gt;<\/strong> <strong>Graciela Olio &#8211;\u00a0<\/strong><a href=\"https:\/\/www.ude.edu.ar\/areacultural\/wp-content\/uploads\/sites\/3\/2017\/06\/CV-GRACIELA-OLIO.pdf\">ver cv<\/a><\/p>\n<p style=\"text-align: justify;\"><strong>&gt;\u00a0Silvina Valesini &#8211;\u00a0<\/strong><a href=\"https:\/\/www.ude.edu.ar\/areacultural\/wp-content\/uploads\/sites\/3\/2017\/06\/CVSILVINAVALESINI.pdf\">ver cv<\/a><strong>\u00a0<\/strong><\/p>\n<p style=\"text-align: justify;\"><strong>&gt;\u00a0Guillermina Valent &#8211;\u00a0<\/strong><a href=\"https:\/\/www.ude.edu.ar\/areacultural\/wp-content\/uploads\/sites\/3\/2017\/06\/CV-GUILLERMINAVALENT.pdf\">ver cv<\/a><\/p>\n<p>&nbsp;<\/p>\n<h2>Segundo Sal\u00f3n de Artes Visuales<\/h2>\n<p>La Universidad del Este de la ciudad de La Plata convoc\u00f3 a todos los artistas de la Provincia de Buenos Aires a presentar sus obras en <i id=\"yui_3_16_0_ym19_1_1495549577590_4590\">la II Edici\u00f3n del SAL\u00d3N DE ARTES VISUALES DE LA UNIVERSIDAD DEL ESTE<\/i>.<\/p>\n<p>Compartimos la n\u00f3mina de premiados y sus obras de la disciplina en <strong>GRABADO Y ARTE IMPRESO.<\/strong><\/p>\n<p><img loading=\"lazy\" decoding=\"async\" class=\"aligncenter size-full wp-image-703\" src=\"https:\/\/www.ude.edu.ar\/areacultural\/wp-content\/uploads\/sites\/3\/2016\/05\/premiados-web1.png\" alt=\"\" width=\"1920\" height=\"1359\" srcset=\"https:\/\/www.ude.edu.ar\/areacultural\/wp-content\/uploads\/sites\/3\/2016\/05\/premiados-web1.png 1920w, https:\/\/www.ude.edu.ar\/areacultural\/wp-content\/uploads\/sites\/3\/2016\/05\/premiados-web1-300x212.png 300w, https:\/\/www.ude.edu.ar\/areacultural\/wp-content\/uploads\/sites\/3\/2016\/05\/premiados-web1-1024x725.png 1024w, https:\/\/www.ude.edu.ar\/areacultural\/wp-content\/uploads\/sites\/3\/2016\/05\/premiados-web1-1200x849.png 1200w\" sizes=\"(max-width: 709px) 85vw, (max-width: 909px) 67vw, (max-width: 1362px) 62vw, 840px\" \/> <img loading=\"lazy\" decoding=\"async\" class=\"aligncenter size-full wp-image-704\" src=\"https:\/\/www.ude.edu.ar\/areacultural\/wp-content\/uploads\/sites\/3\/2016\/05\/premiados-web2.png\" alt=\"\" width=\"1920\" height=\"1359\" srcset=\"https:\/\/www.ude.edu.ar\/areacultural\/wp-content\/uploads\/sites\/3\/2016\/05\/premiados-web2.png 1920w, https:\/\/www.ude.edu.ar\/areacultural\/wp-content\/uploads\/sites\/3\/2016\/05\/premiados-web2-300x212.png 300w, https:\/\/www.ude.edu.ar\/areacultural\/wp-content\/uploads\/sites\/3\/2016\/05\/premiados-web2-1024x725.png 1024w, https:\/\/www.ude.edu.ar\/areacultural\/wp-content\/uploads\/sites\/3\/2016\/05\/premiados-web2-1200x849.png 1200w\" sizes=\"(max-width: 709px) 85vw, (max-width: 909px) 67vw, (max-width: 1362px) 62vw, 840px\" \/> <img loading=\"lazy\" decoding=\"async\" class=\"aligncenter size-full wp-image-705\" src=\"https:\/\/www.ude.edu.ar\/areacultural\/wp-content\/uploads\/sites\/3\/2016\/05\/premiados-web3.png\" alt=\"\" width=\"1920\" height=\"1359\" srcset=\"https:\/\/www.ude.edu.ar\/areacultural\/wp-content\/uploads\/sites\/3\/2016\/05\/premiados-web3.png 1920w, https:\/\/www.ude.edu.ar\/areacultural\/wp-content\/uploads\/sites\/3\/2016\/05\/premiados-web3-300x212.png 300w, https:\/\/www.ude.edu.ar\/areacultural\/wp-content\/uploads\/sites\/3\/2016\/05\/premiados-web3-1024x725.png 1024w, https:\/\/www.ude.edu.ar\/areacultural\/wp-content\/uploads\/sites\/3\/2016\/05\/premiados-web3-1200x849.png 1200w\" sizes=\"(max-width: 709px) 85vw, (max-width: 909px) 67vw, (max-width: 1362px) 62vw, 840px\" \/> <img loading=\"lazy\" decoding=\"async\" class=\"aligncenter size-full wp-image-706\" src=\"https:\/\/www.ude.edu.ar\/areacultural\/wp-content\/uploads\/sites\/3\/2016\/05\/premiados-web4.png\" alt=\"\" width=\"1920\" height=\"1359\" srcset=\"https:\/\/www.ude.edu.ar\/areacultural\/wp-content\/uploads\/sites\/3\/2016\/05\/premiados-web4.png 1920w, https:\/\/www.ude.edu.ar\/areacultural\/wp-content\/uploads\/sites\/3\/2016\/05\/premiados-web4-300x212.png 300w, https:\/\/www.ude.edu.ar\/areacultural\/wp-content\/uploads\/sites\/3\/2016\/05\/premiados-web4-1024x725.png 1024w, https:\/\/www.ude.edu.ar\/areacultural\/wp-content\/uploads\/sites\/3\/2016\/05\/premiados-web4-1200x849.png 1200w\" sizes=\"(max-width: 709px) 85vw, (max-width: 909px) 67vw, (max-width: 1362px) 62vw, 840px\" \/> <img loading=\"lazy\" decoding=\"async\" class=\"aligncenter size-full wp-image-707\" src=\"https:\/\/www.ude.edu.ar\/areacultural\/wp-content\/uploads\/sites\/3\/2016\/05\/premiados-web5.png\" alt=\"\" width=\"1920\" height=\"1359\" srcset=\"https:\/\/www.ude.edu.ar\/areacultural\/wp-content\/uploads\/sites\/3\/2016\/05\/premiados-web5.png 1920w, https:\/\/www.ude.edu.ar\/areacultural\/wp-content\/uploads\/sites\/3\/2016\/05\/premiados-web5-300x212.png 300w, https:\/\/www.ude.edu.ar\/areacultural\/wp-content\/uploads\/sites\/3\/2016\/05\/premiados-web5-1024x725.png 1024w, https:\/\/www.ude.edu.ar\/areacultural\/wp-content\/uploads\/sites\/3\/2016\/05\/premiados-web5-1200x849.png 1200w\" sizes=\"(max-width: 709px) 85vw, (max-width: 909px) 67vw, (max-width: 1362px) 62vw, 840px\" \/><\/p>\n<p><img loading=\"lazy\" decoding=\"async\" class=\"aligncenter size-full wp-image-711\" src=\"https:\/\/www.ude.edu.ar\/areacultural\/wp-content\/uploads\/sites\/3\/2016\/05\/premiados-web6.png\" alt=\"\" width=\"1920\" height=\"1359\" srcset=\"https:\/\/www.ude.edu.ar\/areacultural\/wp-content\/uploads\/sites\/3\/2016\/05\/premiados-web6.png 1920w, https:\/\/www.ude.edu.ar\/areacultural\/wp-content\/uploads\/sites\/3\/2016\/05\/premiados-web6-300x212.png 300w, https:\/\/www.ude.edu.ar\/areacultural\/wp-content\/uploads\/sites\/3\/2016\/05\/premiados-web6-1024x725.png 1024w, https:\/\/www.ude.edu.ar\/areacultural\/wp-content\/uploads\/sites\/3\/2016\/05\/premiados-web6-1200x849.png 1200w\" sizes=\"(max-width: 709px) 85vw, (max-width: 909px) 67vw, (max-width: 1362px) 62vw, 840px\" \/><\/p>\n<h2 id=\"yui_3_16_0_ym19_1_1463143831161_12576\" class=\"yiv4912218032MsoNormal\">Jurado:<\/h2>\n<p style=\"text-align: justify;\"><strong>&gt; Mar\u00eda de las Mercedes Reitano &#8211; <\/strong><a href=\"https:\/\/www.ude.edu.ar\/areacultural\/wp-content\/uploads\/sites\/3\/2017\/06\/CV-MERCEDESREITANO.pdf\">ver cv<\/a><\/p>\n<p style=\"text-align: justify;\"><strong>&gt;<\/strong> <strong>Graciela Olio &#8211; <\/strong><a href=\"https:\/\/www.ude.edu.ar\/areacultural\/wp-content\/uploads\/sites\/3\/2017\/06\/CV-GRACIELA-OLIO.pdf\">ver cv<\/a><\/p>\n<p style=\"text-align: justify;\"><strong>&gt; Silvina Valesini &#8211; <\/strong><a href=\"https:\/\/www.ude.edu.ar\/areacultural\/wp-content\/uploads\/sites\/3\/2017\/06\/CVSILVINAVALESINI.pdf\">ver cv<\/a><\/p>\n<p style=\"text-align: justify;\"><strong>&gt; Guillermina Valent &#8211; <\/strong><a href=\"https:\/\/www.ude.edu.ar\/areacultural\/wp-content\/uploads\/sites\/3\/2017\/06\/CV-GUILLERMINAVALENT.pdf\">ver cv<\/a><\/p>\n<p>&nbsp;<\/p>\n","protected":false},"excerpt":{"rendered":"<p>Segundo Sal\u00f3n de Artes Visuales La Universidad del Este de la ciudad de La Plata convoc\u00f3 a todos los artistas de la Provincia de Buenos Aires a presentar sus obras en la II Edici\u00f3n del SAL\u00d3N DE ARTES VISUALES DE LA UNIVERSIDAD DEL ESTE. Compartimos la n\u00f3mina de premiados y sus obras de la disciplina &hellip; <a href=\"https:\/\/www.ude.edu.ar\/areacultural\/2017\/08\/02\/2do-salon-artes-visuales-universidad-del-este\/\" class=\"more-link\">Continuar leyendo<span class=\"screen-reader-text\"> &#8220;2do Sal\u00f3n de Artes Visuales &#8211; Universidad del Este&#8221;<\/span><\/a><\/p>\n","protected":false},"author":2,"featured_media":0,"comment_status":"closed","ping_status":"open","sticky":false,"template":"","format":"standard","meta":{"_acf_changed":false,"footnotes":""},"categories":[13],"tags":[],"acf":[],"yoast_head":"<!-- This site is optimized with the Yoast SEO plugin v22.8 - https:\/\/yoast.com\/wordpress\/plugins\/seo\/ -->\n<title>2do Sal\u00f3n de Artes Visuales - Universidad del Este - UDE | \u00c1rea Cultural<\/title>\n<meta name=\"robots\" content=\"index, follow, max-snippet:-1, max-image-preview:large, max-video-preview:-1\" \/>\n<link rel=\"canonical\" href=\"https:\/\/www.ude.edu.ar\/areacultural\/2017\/08\/02\/2do-salon-artes-visuales-universidad-del-este\/\" \/>\n<meta property=\"og:locale\" content=\"es_ES\" \/>\n<meta property=\"og:type\" content=\"article\" \/>\n<meta property=\"og:title\" content=\"2do Sal\u00f3n de Artes Visuales - Universidad del Este - UDE | \u00c1rea Cultural\" \/>\n<meta property=\"og:description\" content=\"Segundo Sal\u00f3n de Artes Visuales La Universidad del Este de la ciudad de La Plata convoc\u00f3 a todos los artistas de la Provincia de Buenos Aires a presentar sus obras en la II Edici\u00f3n del SAL\u00d3N DE ARTES VISUALES DE LA UNIVERSIDAD DEL ESTE. Compartimos la n\u00f3mina de premiados y sus obras de la disciplina &hellip; Continuar leyendo &quot;2do Sal\u00f3n de Artes Visuales &#8211; Universidad del Este&quot;\" \/>\n<meta property=\"og:url\" content=\"https:\/\/www.ude.edu.ar\/areacultural\/2017\/08\/02\/2do-salon-artes-visuales-universidad-del-este\/\" \/>\n<meta property=\"og:site_name\" content=\"UDE | \u00c1rea Cultural\" \/>\n<meta property=\"article:published_time\" content=\"2017-08-02T13:54:14+00:00\" \/>\n<meta property=\"article:modified_time\" content=\"2017-12-19T16:08:39+00:00\" \/>\n<meta property=\"og:image\" content=\"https:\/\/www.ude.edu.ar\/areacultural\/wp-content\/uploads\/sites\/3\/2016\/05\/premiados-web1.png\" \/>\n<meta name=\"author\" content=\"ude-admin\" \/>\n<meta name=\"twitter:card\" content=\"summary_large_image\" \/>\n<meta name=\"twitter:label1\" content=\"Escrito por\" \/>\n\t<meta name=\"twitter:data1\" content=\"ude-admin\" \/>\n\t<meta name=\"twitter:label2\" content=\"Tiempo de lectura\" \/>\n\t<meta name=\"twitter:data2\" content=\"1 minuto\" \/>\n<script type=\"application\/ld+json\" class=\"yoast-schema-graph\">{\"@context\":\"https:\/\/schema.org\",\"@graph\":[{\"@type\":\"WebPage\",\"@id\":\"https:\/\/www.ude.edu.ar\/areacultural\/2017\/08\/02\/2do-salon-artes-visuales-universidad-del-este\/\",\"url\":\"https:\/\/www.ude.edu.ar\/areacultural\/2017\/08\/02\/2do-salon-artes-visuales-universidad-del-este\/\",\"name\":\"2do Sal\u00f3n de Artes Visuales - Universidad del Este - UDE | \u00c1rea Cultural\",\"isPartOf\":{\"@id\":\"https:\/\/www.ude.edu.ar\/areacultural\/#website\"},\"primaryImageOfPage\":{\"@id\":\"https:\/\/www.ude.edu.ar\/areacultural\/2017\/08\/02\/2do-salon-artes-visuales-universidad-del-este\/#primaryimage\"},\"image\":{\"@id\":\"https:\/\/www.ude.edu.ar\/areacultural\/2017\/08\/02\/2do-salon-artes-visuales-universidad-del-este\/#primaryimage\"},\"thumbnailUrl\":\"https:\/\/www.ude.edu.ar\/areacultural\/wp-content\/uploads\/sites\/3\/2016\/05\/premiados-web1.png\",\"datePublished\":\"2017-08-02T13:54:14+00:00\",\"dateModified\":\"2017-12-19T16:08:39+00:00\",\"author\":{\"@id\":\"https:\/\/www.ude.edu.ar\/areacultural\/#\/schema\/person\/1b5e3fb142db28f2317fe6ab4363e1ba\"},\"breadcrumb\":{\"@id\":\"https:\/\/www.ude.edu.ar\/areacultural\/2017\/08\/02\/2do-salon-artes-visuales-universidad-del-este\/#breadcrumb\"},\"inLanguage\":\"es-AR\",\"potentialAction\":[{\"@type\":\"ReadAction\",\"target\":[\"https:\/\/www.ude.edu.ar\/areacultural\/2017\/08\/02\/2do-salon-artes-visuales-universidad-del-este\/\"]}]},{\"@type\":\"ImageObject\",\"inLanguage\":\"es-AR\",\"@id\":\"https:\/\/www.ude.edu.ar\/areacultural\/2017\/08\/02\/2do-salon-artes-visuales-universidad-del-este\/#primaryimage\",\"url\":\"https:\/\/www.ude.edu.ar\/areacultural\/wp-content\/uploads\/sites\/3\/2016\/05\/premiados-web1.png\",\"contentUrl\":\"https:\/\/www.ude.edu.ar\/areacultural\/wp-content\/uploads\/sites\/3\/2016\/05\/premiados-web1.png\",\"width\":1920,\"height\":1359},{\"@type\":\"BreadcrumbList\",\"@id\":\"https:\/\/www.ude.edu.ar\/areacultural\/2017\/08\/02\/2do-salon-artes-visuales-universidad-del-este\/#breadcrumb\",\"itemListElement\":[{\"@type\":\"ListItem\",\"position\":1,\"name\":\"Home\",\"item\":\"https:\/\/www.ude.edu.ar\/areacultural\/\"},{\"@type\":\"ListItem\",\"position\":2,\"name\":\"2do Sal\u00f3n de Artes Visuales &#8211; Universidad del Este\"}]},{\"@type\":\"WebSite\",\"@id\":\"https:\/\/www.ude.edu.ar\/areacultural\/#website\",\"url\":\"https:\/\/www.ude.edu.ar\/areacultural\/\",\"name\":\"UDE | \u00c1rea Cultural\",\"description\":\"\u00c1rea Cultural de la Universidad del Este\",\"potentialAction\":[{\"@type\":\"SearchAction\",\"target\":{\"@type\":\"EntryPoint\",\"urlTemplate\":\"https:\/\/www.ude.edu.ar\/areacultural\/?s={search_term_string}\"},\"query-input\":\"required name=search_term_string\"}],\"inLanguage\":\"es-AR\"},{\"@type\":\"Person\",\"@id\":\"https:\/\/www.ude.edu.ar\/areacultural\/#\/schema\/person\/1b5e3fb142db28f2317fe6ab4363e1ba\",\"name\":\"ude-admin\",\"image\":{\"@type\":\"ImageObject\",\"inLanguage\":\"es-AR\",\"@id\":\"https:\/\/www.ude.edu.ar\/areacultural\/#\/schema\/person\/image\/\",\"url\":\"https:\/\/www.ude.edu.ar\/areacultural\/wp-content\/uploads\/sites\/3\/2016\/04\/logo_512-96x96.jpg\",\"contentUrl\":\"https:\/\/www.ude.edu.ar\/areacultural\/wp-content\/uploads\/sites\/3\/2016\/04\/logo_512-96x96.jpg\",\"caption\":\"ude-admin\"},\"url\":\"https:\/\/www.ude.edu.ar\/areacultural\/author\/ude-admin\/\"}]}<\/script>\n<!-- \/ Yoast SEO plugin. -->","yoast_head_json":{"title":"2do Sal\u00f3n de Artes Visuales - Universidad del Este - UDE | \u00c1rea Cultural","robots":{"index":"index","follow":"follow","max-snippet":"max-snippet:-1","max-image-preview":"max-image-preview:large","max-video-preview":"max-video-preview:-1"},"canonical":"https:\/\/www.ude.edu.ar\/areacultural\/2017\/08\/02\/2do-salon-artes-visuales-universidad-del-este\/","og_locale":"es_ES","og_type":"article","og_title":"2do Sal\u00f3n de Artes Visuales - Universidad del Este - UDE | \u00c1rea Cultural","og_description":"Segundo Sal\u00f3n de Artes Visuales La Universidad del Este de la ciudad de La Plata convoc\u00f3 a todos los artistas de la Provincia de Buenos Aires a presentar sus obras en la II Edici\u00f3n del SAL\u00d3N DE ARTES VISUALES DE LA UNIVERSIDAD DEL ESTE. Compartimos la n\u00f3mina de premiados y sus obras de la disciplina &hellip; Continuar leyendo \"2do Sal\u00f3n de Artes Visuales &#8211; Universidad del Este\"","og_url":"https:\/\/www.ude.edu.ar\/areacultural\/2017\/08\/02\/2do-salon-artes-visuales-universidad-del-este\/","og_site_name":"UDE | \u00c1rea Cultural","article_published_time":"2017-08-02T13:54:14+00:00","article_modified_time":"2017-12-19T16:08:39+00:00","og_image":[{"url":"https:\/\/www.ude.edu.ar\/areacultural\/wp-content\/uploads\/sites\/3\/2016\/05\/premiados-web1.png"}],"author":"ude-admin","twitter_card":"summary_large_image","twitter_misc":{"Escrito por":"ude-admin","Tiempo de lectura":"1 minuto"},"schema":{"@context":"https:\/\/schema.org","@graph":[{"@type":"WebPage","@id":"https:\/\/www.ude.edu.ar\/areacultural\/2017\/08\/02\/2do-salon-artes-visuales-universidad-del-este\/","url":"https:\/\/www.ude.edu.ar\/areacultural\/2017\/08\/02\/2do-salon-artes-visuales-universidad-del-este\/","name":"2do Sal\u00f3n de Artes Visuales - Universidad del Este - UDE | \u00c1rea Cultural","isPartOf":{"@id":"https:\/\/www.ude.edu.ar\/areacultural\/#website"},"primaryImageOfPage":{"@id":"https:\/\/www.ude.edu.ar\/areacultural\/2017\/08\/02\/2do-salon-artes-visuales-universidad-del-este\/#primaryimage"},"image":{"@id":"https:\/\/www.ude.edu.ar\/areacultural\/2017\/08\/02\/2do-salon-artes-visuales-universidad-del-este\/#primaryimage"},"thumbnailUrl":"https:\/\/www.ude.edu.ar\/areacultural\/wp-content\/uploads\/sites\/3\/2016\/05\/premiados-web1.png","datePublished":"2017-08-02T13:54:14+00:00","dateModified":"2017-12-19T16:08:39+00:00","author":{"@id":"https:\/\/www.ude.edu.ar\/areacultural\/#\/schema\/person\/1b5e3fb142db28f2317fe6ab4363e1ba"},"breadcrumb":{"@id":"https:\/\/www.ude.edu.ar\/areacultural\/2017\/08\/02\/2do-salon-artes-visuales-universidad-del-este\/#breadcrumb"},"inLanguage":"es-AR","potentialAction":[{"@type":"ReadAction","target":["https:\/\/www.ude.edu.ar\/areacultural\/2017\/08\/02\/2do-salon-artes-visuales-universidad-del-este\/"]}]},{"@type":"ImageObject","inLanguage":"es-AR","@id":"https:\/\/www.ude.edu.ar\/areacultural\/2017\/08\/02\/2do-salon-artes-visuales-universidad-del-este\/#primaryimage","url":"https:\/\/www.ude.edu.ar\/areacultural\/wp-content\/uploads\/sites\/3\/2016\/05\/premiados-web1.png","contentUrl":"https:\/\/www.ude.edu.ar\/areacultural\/wp-content\/uploads\/sites\/3\/2016\/05\/premiados-web1.png","width":1920,"height":1359},{"@type":"BreadcrumbList","@id":"https:\/\/www.ude.edu.ar\/areacultural\/2017\/08\/02\/2do-salon-artes-visuales-universidad-del-este\/#breadcrumb","itemListElement":[{"@type":"ListItem","position":1,"name":"Home","item":"https:\/\/www.ude.edu.ar\/areacultural\/"},{"@type":"ListItem","position":2,"name":"2do Sal\u00f3n de Artes Visuales &#8211; Universidad del Este"}]},{"@type":"WebSite","@id":"https:\/\/www.ude.edu.ar\/areacultural\/#website","url":"https:\/\/www.ude.edu.ar\/areacultural\/","name":"UDE | \u00c1rea Cultural","description":"\u00c1rea Cultural de la Universidad del Este","potentialAction":[{"@type":"SearchAction","target":{"@type":"EntryPoint","urlTemplate":"https:\/\/www.ude.edu.ar\/areacultural\/?s={search_term_string}"},"query-input":"required name=search_term_string"}],"inLanguage":"es-AR"},{"@type":"Person","@id":"https:\/\/www.ude.edu.ar\/areacultural\/#\/schema\/person\/1b5e3fb142db28f2317fe6ab4363e1ba","name":"ude-admin","image":{"@type":"ImageObject","inLanguage":"es-AR","@id":"https:\/\/www.ude.edu.ar\/areacultural\/#\/schema\/person\/image\/","url":"https:\/\/www.ude.edu.ar\/areacultural\/wp-content\/uploads\/sites\/3\/2016\/04\/logo_512-96x96.jpg","contentUrl":"https:\/\/www.ude.edu.ar\/areacultural\/wp-content\/uploads\/sites\/3\/2016\/04\/logo_512-96x96.jpg","caption":"ude-admin"},"url":"https:\/\/www.ude.edu.ar\/areacultural\/author\/ude-admin\/"}]}},"_links":{"self":[{"href":"https:\/\/www.ude.edu.ar\/areacultural\/wp-json\/wp\/v2\/posts\/689"}],"collection":[{"href":"https:\/\/www.ude.edu.ar\/areacultural\/wp-json\/wp\/v2\/posts"}],"about":[{"href":"https:\/\/www.ude.edu.ar\/areacultural\/wp-json\/wp\/v2\/types\/post"}],"author":[{"embeddable":true,"href":"https:\/\/www.ude.edu.ar\/areacultural\/wp-json\/wp\/v2\/users\/2"}],"replies":[{"embeddable":true,"href":"https:\/\/www.ude.edu.ar\/areacultural\/wp-json\/wp\/v2\/comments?post=689"}],"version-history":[{"count":6,"href":"https:\/\/www.ude.edu.ar\/areacultural\/wp-json\/wp\/v2\/posts\/689\/revisions"}],"predecessor-version":[{"id":873,"href":"https:\/\/www.ude.edu.ar\/areacultural\/wp-json\/wp\/v2\/posts\/689\/revisions\/873"}],"wp:attachment":[{"href":"https:\/\/www.ude.edu.ar\/areacultural\/wp-json\/wp\/v2\/media?parent=689"}],"wp:term":[{"taxonomy":"category","embeddable":true,"href":"https:\/\/www.ude.edu.ar\/areacultural\/wp-json\/wp\/v2\/categories?post=689"},{"taxonomy":"post_tag","embeddable":true,"href":"https:\/\/www.ude.edu.ar\/areacultural\/wp-json\/wp\/v2\/tags?post=689"}],"curies":[{"name":"wp","href":"https:\/\/api.w.org\/{rel}","templated":true}]}}