{"id":669,"date":"2017-07-14T23:03:59","date_gmt":"2017-07-14T23:03:59","guid":{"rendered":"https:\/\/www.ude.edu.ar\/areacultural\/?p=669"},"modified":"2017-07-31T15:33:28","modified_gmt":"2017-07-31T15:33:28","slug":"8-casa-mochila","status":"publish","type":"post","link":"https:\/\/www.ude.edu.ar\/areacultural\/2017\/07\/14\/8-casa-mochila\/","title":{"rendered":"#8 &#8211; &#8220;Casa Mochila&#8221;"},"content":{"rendered":"<p><strong>ARTISTA:<\/strong>\u00a0Flavio Dettbarn | <strong>FECHA:<\/strong>\u00a0Viernes 21\/07, 19 hs.<\/p>\n<p><img decoding=\"async\" class=\"aligncenter size-full wp-image-670\" src=\"https:\/\/www.ude.edu.ar\/areacultural\/wp-content\/uploads\/sites\/3\/2017\/07\/web-Flavio.png\" alt=\"\" width=\"100%\" srcset=\"https:\/\/www.ude.edu.ar\/areacultural\/wp-content\/uploads\/sites\/3\/2017\/07\/web-Flavio.png 1041w, https:\/\/www.ude.edu.ar\/areacultural\/wp-content\/uploads\/sites\/3\/2017\/07\/web-Flavio-300x69.png 300w, https:\/\/www.ude.edu.ar\/areacultural\/wp-content\/uploads\/sites\/3\/2017\/07\/web-Flavio-1024x237.png 1024w\" sizes=\"(max-width: 709px) 85vw, (max-width: 909px) 67vw, (max-width: 1362px) 62vw, 840px\" \/><\/p>\n<p>El dise\u00f1ador, m\u00fasico e ilustrador Flavio Dettbarn presentar\u00e1 \u201cCasa Mochila\u201d, la muestra de arte pl\u00e1stico que resume las obras de sus \u00faltimos a\u00f1os y que tendr\u00e1 un lanzamiento especial multisensorial, que combinar\u00e1 m\u00fasica, artes visuales y experiencias de realidad aumentada.<\/p>\n<p>La muestra es una s\u00edntesis del recorrido pl\u00e1stico de Flavio, dise\u00f1ador platense que hoy, como n\u00f3made digital, trabaja en el desarrollo de marcas nacionales e internacionales, y est\u00e1 atravesado por una art\u00edstica personal ecl\u00e9ctica, que combina referencias a la est\u00e9tica del surf, del basquetbol norteamericano e im\u00e1genes especiales de distintas ciudades del mundo que fue visitando. En los recorridos por esas ciudades naci\u00f3 \u201cCasa Mochila\u201d, un nombre que hace referencia directa a la relaci\u00f3n entre el arte y la vida en la ruta.<\/p>\n<p>\u201cLa casa es la mochila, y va en la espalda. Lo que vale es el viaje\u201d, relata el texto que introduce sus obras, firmado por el periodista y activista cultural Juan Pablo Morales. Esas l\u00edneas reconstruyen la b\u00fasqueda de cada una de las obras: \u201cDamos vueltas por el mundo buscando echar anclas, intentando plantar bandera y decir aqu\u00ed estoy, llegu\u00e9, este soy yo. Por fin. Este pu\u00f1ado de sue\u00f1os impresos pretende desbaratar ese peligro.\u201d<\/p>\n<p>El evento de presentaci\u00f3n tendr\u00e1 un formato \u00fanico para la ciudad. Habr\u00e1 DJs, artistas visuales, experiencias interactivas especiales y el aporte de ilustraciones de m\u00e1s de 20 artistas. El artista visual Federico Torroba har\u00e1 proyecciones sobre obras de Gast\u00f3n Bilo, surfer y arquitecto, reconocido en el mundo por representar olas en madera. Torroba tambi\u00e9n realizar\u00e1 un despliegue de realidad aumentada que sorprender\u00e1 al p\u00fablico con solo descargar una aplicaci\u00f3n. Adem\u00e1s, los visitantes tambi\u00e9n podr\u00e1n practicar equilibrio en tablas balance especialmente preparadas para sentir la experiencia de surfar una ola.<\/p>\n<p><strong>Sobre Flavio Dettbarn<\/strong><\/p>\n<p>Flavio naci\u00f3 el 20 de Septiembre de 1984, en la ciudad de La Plata. Recibido de Dise\u00f1ador en Comunicai\u00f3n Visual en la Universidad de Bellas Artes, UNLP. Empez\u00f3 a trabajar en CSA Group (Compa\u00f1\u00eda Norteamericana), como parte del equipo de Identidad Visual, fue creador y dise\u00f1ador de Ramona Flaver (marca de ropa alternativa referente de la ciudad de las diagonales) entre 2008 y 2014, es el jefe de dise\u00f1o de Ciudad Alterna, el festival de arte de La Plata, y de BAI BAI Surf Trip, CABA. Fue profesor de la carrera de Dise\u00f1o en Comunicaci\u00f3n Visual en la UDE y hoy es profesor en la carrera de Dise\u00f1o de Indumentaria. Trabaja en su propio estudio n\u00f3made \u201cCONGO MENTA\u201d, haciendo desarrollos de identidad para marcas nacionales e internacionales.<\/p>\n<blockquote><p>Uno podr\u00eda vivir con lo puesto. Uno podr\u00eda llevar su casa consigo. Uno deber\u00eda convencerse de que todo cabe en una mochila. Pero a veces no. Damos vueltas\u00a0por el mundo buscando echar anclas, intentando plantar bandera y decir aqu\u00ed estoy, llegu\u00e9, este soy yo. Por fin.<br \/>\nEste pu\u00f1ado de sue\u00f1os impresos pretende desbaratar ese peligro. En cada uno asoma un paisaje donde estuviste o donde podr\u00edas estar, una parte del mundo que fue o ser\u00e1 un hogar durante un suspiro de a\u00f1os, de semanas, de d\u00edas. Qui\u00e9n sabe, qu\u00e9 importa. La casa es la mochila, y va en la espalda. Lo que vale es el viaje.<\/p>\n<p>TXT: Juan Pablo Morales<\/p><\/blockquote>\n<p><em>Para ver la Muestra CASA MOCHILA de 2016, ingresar a la siguiente URL<br \/>\n<\/em><a href=\"https:\/\/www.behance.net\/gallery\/45443115\/CASA-MOCHILACollage\"><em>https:\/\/www.behance.net\/gallery\/45443115\/CASA-MOCHILACollage<\/em><\/a><\/p>\n<p><iframe loading=\"lazy\" width=\"840\" height=\"473\" src=\"https:\/\/www.youtube.com\/embed\/PxIRFSoT8gA?feature=oembed\" frameborder=\"0\" allowfullscreen><\/iframe><\/p>\n","protected":false},"excerpt":{"rendered":"<p>ARTISTA:\u00a0Flavio Dettbarn | FECHA:\u00a0Viernes 21\/07, 19 hs. El dise\u00f1ador, m\u00fasico e ilustrador Flavio Dettbarn presentar\u00e1 \u201cCasa Mochila\u201d, la muestra de arte pl\u00e1stico que resume las obras de sus \u00faltimos a\u00f1os y que tendr\u00e1 un lanzamiento especial multisensorial, que combinar\u00e1 m\u00fasica, artes visuales y experiencias de realidad aumentada. La muestra es una s\u00edntesis del recorrido pl\u00e1stico &hellip; <a href=\"https:\/\/www.ude.edu.ar\/areacultural\/2017\/07\/14\/8-casa-mochila\/\" class=\"more-link\">Continuar leyendo<span class=\"screen-reader-text\"> &#8220;#8 &#8211; &#8220;Casa Mochila&#8221;&#8221;<\/span><\/a><\/p>\n","protected":false},"author":2,"featured_media":0,"comment_status":"closed","ping_status":"open","sticky":false,"template":"","format":"standard","meta":{"_acf_changed":false,"footnotes":""},"categories":[5],"tags":[],"acf":[],"yoast_head":"<!-- This site is optimized with the Yoast SEO plugin v22.8 - https:\/\/yoast.com\/wordpress\/plugins\/seo\/ -->\n<title>#8 - &quot;Casa Mochila&quot; - UDE | \u00c1rea Cultural<\/title>\n<meta name=\"robots\" content=\"index, follow, max-snippet:-1, max-image-preview:large, max-video-preview:-1\" \/>\n<link rel=\"canonical\" href=\"https:\/\/www.ude.edu.ar\/areacultural\/2017\/07\/14\/8-casa-mochila\/\" \/>\n<meta property=\"og:locale\" content=\"es_ES\" \/>\n<meta property=\"og:type\" content=\"article\" \/>\n<meta property=\"og:title\" content=\"#8 - &quot;Casa Mochila&quot; - UDE | \u00c1rea Cultural\" \/>\n<meta property=\"og:description\" content=\"ARTISTA:\u00a0Flavio Dettbarn | FECHA:\u00a0Viernes 21\/07, 19 hs. El dise\u00f1ador, m\u00fasico e ilustrador Flavio Dettbarn presentar\u00e1 \u201cCasa Mochila\u201d, la muestra de arte pl\u00e1stico que resume las obras de sus \u00faltimos a\u00f1os y que tendr\u00e1 un lanzamiento especial multisensorial, que combinar\u00e1 m\u00fasica, artes visuales y experiencias de realidad aumentada. La muestra es una s\u00edntesis del recorrido pl\u00e1stico &hellip; Continuar leyendo &quot;#8 &#8211; &#8220;Casa Mochila&#8221;&quot;\" \/>\n<meta property=\"og:url\" content=\"https:\/\/www.ude.edu.ar\/areacultural\/2017\/07\/14\/8-casa-mochila\/\" \/>\n<meta property=\"og:site_name\" content=\"UDE | \u00c1rea Cultural\" \/>\n<meta property=\"article:published_time\" content=\"2017-07-14T23:03:59+00:00\" \/>\n<meta property=\"article:modified_time\" content=\"2017-07-31T15:33:28+00:00\" \/>\n<meta property=\"og:image\" content=\"https:\/\/www.ude.edu.ar\/areacultural\/wp-content\/uploads\/sites\/3\/2017\/07\/web-Flavio.png\" \/>\n<meta name=\"author\" content=\"ude-admin\" \/>\n<meta name=\"twitter:card\" content=\"summary_large_image\" \/>\n<meta name=\"twitter:label1\" content=\"Escrito por\" \/>\n\t<meta name=\"twitter:data1\" content=\"ude-admin\" \/>\n\t<meta name=\"twitter:label2\" content=\"Tiempo de lectura\" \/>\n\t<meta name=\"twitter:data2\" content=\"3 minutos\" \/>\n<script type=\"application\/ld+json\" class=\"yoast-schema-graph\">{\"@context\":\"https:\/\/schema.org\",\"@graph\":[{\"@type\":\"WebPage\",\"@id\":\"https:\/\/www.ude.edu.ar\/areacultural\/2017\/07\/14\/8-casa-mochila\/\",\"url\":\"https:\/\/www.ude.edu.ar\/areacultural\/2017\/07\/14\/8-casa-mochila\/\",\"name\":\"#8 - \\\"Casa Mochila\\\" - UDE | \u00c1rea Cultural\",\"isPartOf\":{\"@id\":\"https:\/\/www.ude.edu.ar\/areacultural\/#website\"},\"primaryImageOfPage\":{\"@id\":\"https:\/\/www.ude.edu.ar\/areacultural\/2017\/07\/14\/8-casa-mochila\/#primaryimage\"},\"image\":{\"@id\":\"https:\/\/www.ude.edu.ar\/areacultural\/2017\/07\/14\/8-casa-mochila\/#primaryimage\"},\"thumbnailUrl\":\"https:\/\/www.ude.edu.ar\/areacultural\/wp-content\/uploads\/sites\/3\/2017\/07\/web-Flavio.png\",\"datePublished\":\"2017-07-14T23:03:59+00:00\",\"dateModified\":\"2017-07-31T15:33:28+00:00\",\"author\":{\"@id\":\"https:\/\/www.ude.edu.ar\/areacultural\/#\/schema\/person\/1b5e3fb142db28f2317fe6ab4363e1ba\"},\"breadcrumb\":{\"@id\":\"https:\/\/www.ude.edu.ar\/areacultural\/2017\/07\/14\/8-casa-mochila\/#breadcrumb\"},\"inLanguage\":\"es-AR\",\"potentialAction\":[{\"@type\":\"ReadAction\",\"target\":[\"https:\/\/www.ude.edu.ar\/areacultural\/2017\/07\/14\/8-casa-mochila\/\"]}]},{\"@type\":\"ImageObject\",\"inLanguage\":\"es-AR\",\"@id\":\"https:\/\/www.ude.edu.ar\/areacultural\/2017\/07\/14\/8-casa-mochila\/#primaryimage\",\"url\":\"https:\/\/www.ude.edu.ar\/areacultural\/wp-content\/uploads\/sites\/3\/2017\/07\/web-Flavio.png\",\"contentUrl\":\"https:\/\/www.ude.edu.ar\/areacultural\/wp-content\/uploads\/sites\/3\/2017\/07\/web-Flavio.png\",\"width\":1041,\"height\":241},{\"@type\":\"BreadcrumbList\",\"@id\":\"https:\/\/www.ude.edu.ar\/areacultural\/2017\/07\/14\/8-casa-mochila\/#breadcrumb\",\"itemListElement\":[{\"@type\":\"ListItem\",\"position\":1,\"name\":\"Home\",\"item\":\"https:\/\/www.ude.edu.ar\/areacultural\/\"},{\"@type\":\"ListItem\",\"position\":2,\"name\":\"#8 &#8211; &#8220;Casa Mochila&#8221;\"}]},{\"@type\":\"WebSite\",\"@id\":\"https:\/\/www.ude.edu.ar\/areacultural\/#website\",\"url\":\"https:\/\/www.ude.edu.ar\/areacultural\/\",\"name\":\"UDE | \u00c1rea Cultural\",\"description\":\"\u00c1rea Cultural de la Universidad del Este\",\"potentialAction\":[{\"@type\":\"SearchAction\",\"target\":{\"@type\":\"EntryPoint\",\"urlTemplate\":\"https:\/\/www.ude.edu.ar\/areacultural\/?s={search_term_string}\"},\"query-input\":\"required name=search_term_string\"}],\"inLanguage\":\"es-AR\"},{\"@type\":\"Person\",\"@id\":\"https:\/\/www.ude.edu.ar\/areacultural\/#\/schema\/person\/1b5e3fb142db28f2317fe6ab4363e1ba\",\"name\":\"ude-admin\",\"image\":{\"@type\":\"ImageObject\",\"inLanguage\":\"es-AR\",\"@id\":\"https:\/\/www.ude.edu.ar\/areacultural\/#\/schema\/person\/image\/\",\"url\":\"https:\/\/www.ude.edu.ar\/areacultural\/wp-content\/uploads\/sites\/3\/2016\/04\/logo_512-96x96.jpg\",\"contentUrl\":\"https:\/\/www.ude.edu.ar\/areacultural\/wp-content\/uploads\/sites\/3\/2016\/04\/logo_512-96x96.jpg\",\"caption\":\"ude-admin\"},\"url\":\"https:\/\/www.ude.edu.ar\/areacultural\/author\/ude-admin\/\"}]}<\/script>\n<!-- \/ Yoast SEO plugin. -->","yoast_head_json":{"title":"#8 - \"Casa Mochila\" - UDE | \u00c1rea Cultural","robots":{"index":"index","follow":"follow","max-snippet":"max-snippet:-1","max-image-preview":"max-image-preview:large","max-video-preview":"max-video-preview:-1"},"canonical":"https:\/\/www.ude.edu.ar\/areacultural\/2017\/07\/14\/8-casa-mochila\/","og_locale":"es_ES","og_type":"article","og_title":"#8 - \"Casa Mochila\" - UDE | \u00c1rea Cultural","og_description":"ARTISTA:\u00a0Flavio Dettbarn | FECHA:\u00a0Viernes 21\/07, 19 hs. El dise\u00f1ador, m\u00fasico e ilustrador Flavio Dettbarn presentar\u00e1 \u201cCasa Mochila\u201d, la muestra de arte pl\u00e1stico que resume las obras de sus \u00faltimos a\u00f1os y que tendr\u00e1 un lanzamiento especial multisensorial, que combinar\u00e1 m\u00fasica, artes visuales y experiencias de realidad aumentada. La muestra es una s\u00edntesis del recorrido pl\u00e1stico &hellip; Continuar leyendo \"#8 &#8211; &#8220;Casa Mochila&#8221;\"","og_url":"https:\/\/www.ude.edu.ar\/areacultural\/2017\/07\/14\/8-casa-mochila\/","og_site_name":"UDE | \u00c1rea Cultural","article_published_time":"2017-07-14T23:03:59+00:00","article_modified_time":"2017-07-31T15:33:28+00:00","og_image":[{"url":"https:\/\/www.ude.edu.ar\/areacultural\/wp-content\/uploads\/sites\/3\/2017\/07\/web-Flavio.png"}],"author":"ude-admin","twitter_card":"summary_large_image","twitter_misc":{"Escrito por":"ude-admin","Tiempo de lectura":"3 minutos"},"schema":{"@context":"https:\/\/schema.org","@graph":[{"@type":"WebPage","@id":"https:\/\/www.ude.edu.ar\/areacultural\/2017\/07\/14\/8-casa-mochila\/","url":"https:\/\/www.ude.edu.ar\/areacultural\/2017\/07\/14\/8-casa-mochila\/","name":"#8 - \"Casa Mochila\" - UDE | \u00c1rea Cultural","isPartOf":{"@id":"https:\/\/www.ude.edu.ar\/areacultural\/#website"},"primaryImageOfPage":{"@id":"https:\/\/www.ude.edu.ar\/areacultural\/2017\/07\/14\/8-casa-mochila\/#primaryimage"},"image":{"@id":"https:\/\/www.ude.edu.ar\/areacultural\/2017\/07\/14\/8-casa-mochila\/#primaryimage"},"thumbnailUrl":"https:\/\/www.ude.edu.ar\/areacultural\/wp-content\/uploads\/sites\/3\/2017\/07\/web-Flavio.png","datePublished":"2017-07-14T23:03:59+00:00","dateModified":"2017-07-31T15:33:28+00:00","author":{"@id":"https:\/\/www.ude.edu.ar\/areacultural\/#\/schema\/person\/1b5e3fb142db28f2317fe6ab4363e1ba"},"breadcrumb":{"@id":"https:\/\/www.ude.edu.ar\/areacultural\/2017\/07\/14\/8-casa-mochila\/#breadcrumb"},"inLanguage":"es-AR","potentialAction":[{"@type":"ReadAction","target":["https:\/\/www.ude.edu.ar\/areacultural\/2017\/07\/14\/8-casa-mochila\/"]}]},{"@type":"ImageObject","inLanguage":"es-AR","@id":"https:\/\/www.ude.edu.ar\/areacultural\/2017\/07\/14\/8-casa-mochila\/#primaryimage","url":"https:\/\/www.ude.edu.ar\/areacultural\/wp-content\/uploads\/sites\/3\/2017\/07\/web-Flavio.png","contentUrl":"https:\/\/www.ude.edu.ar\/areacultural\/wp-content\/uploads\/sites\/3\/2017\/07\/web-Flavio.png","width":1041,"height":241},{"@type":"BreadcrumbList","@id":"https:\/\/www.ude.edu.ar\/areacultural\/2017\/07\/14\/8-casa-mochila\/#breadcrumb","itemListElement":[{"@type":"ListItem","position":1,"name":"Home","item":"https:\/\/www.ude.edu.ar\/areacultural\/"},{"@type":"ListItem","position":2,"name":"#8 &#8211; &#8220;Casa Mochila&#8221;"}]},{"@type":"WebSite","@id":"https:\/\/www.ude.edu.ar\/areacultural\/#website","url":"https:\/\/www.ude.edu.ar\/areacultural\/","name":"UDE | \u00c1rea Cultural","description":"\u00c1rea Cultural de la Universidad del Este","potentialAction":[{"@type":"SearchAction","target":{"@type":"EntryPoint","urlTemplate":"https:\/\/www.ude.edu.ar\/areacultural\/?s={search_term_string}"},"query-input":"required name=search_term_string"}],"inLanguage":"es-AR"},{"@type":"Person","@id":"https:\/\/www.ude.edu.ar\/areacultural\/#\/schema\/person\/1b5e3fb142db28f2317fe6ab4363e1ba","name":"ude-admin","image":{"@type":"ImageObject","inLanguage":"es-AR","@id":"https:\/\/www.ude.edu.ar\/areacultural\/#\/schema\/person\/image\/","url":"https:\/\/www.ude.edu.ar\/areacultural\/wp-content\/uploads\/sites\/3\/2016\/04\/logo_512-96x96.jpg","contentUrl":"https:\/\/www.ude.edu.ar\/areacultural\/wp-content\/uploads\/sites\/3\/2016\/04\/logo_512-96x96.jpg","caption":"ude-admin"},"url":"https:\/\/www.ude.edu.ar\/areacultural\/author\/ude-admin\/"}]}},"_links":{"self":[{"href":"https:\/\/www.ude.edu.ar\/areacultural\/wp-json\/wp\/v2\/posts\/669"}],"collection":[{"href":"https:\/\/www.ude.edu.ar\/areacultural\/wp-json\/wp\/v2\/posts"}],"about":[{"href":"https:\/\/www.ude.edu.ar\/areacultural\/wp-json\/wp\/v2\/types\/post"}],"author":[{"embeddable":true,"href":"https:\/\/www.ude.edu.ar\/areacultural\/wp-json\/wp\/v2\/users\/2"}],"replies":[{"embeddable":true,"href":"https:\/\/www.ude.edu.ar\/areacultural\/wp-json\/wp\/v2\/comments?post=669"}],"version-history":[{"count":5,"href":"https:\/\/www.ude.edu.ar\/areacultural\/wp-json\/wp\/v2\/posts\/669\/revisions"}],"predecessor-version":[{"id":672,"href":"https:\/\/www.ude.edu.ar\/areacultural\/wp-json\/wp\/v2\/posts\/669\/revisions\/672"}],"wp:attachment":[{"href":"https:\/\/www.ude.edu.ar\/areacultural\/wp-json\/wp\/v2\/media?parent=669"}],"wp:term":[{"taxonomy":"category","embeddable":true,"href":"https:\/\/www.ude.edu.ar\/areacultural\/wp-json\/wp\/v2\/categories?post=669"},{"taxonomy":"post_tag","embeddable":true,"href":"https:\/\/www.ude.edu.ar\/areacultural\/wp-json\/wp\/v2\/tags?post=669"}],"curies":[{"name":"wp","href":"https:\/\/api.w.org\/{rel}","templated":true}]}}