{"id":482,"date":"2017-02-23T15:22:24","date_gmt":"2017-02-23T15:22:24","guid":{"rendered":"https:\/\/www.ude.edu.ar\/areacultural\/?p=482"},"modified":"2017-03-21T16:15:25","modified_gmt":"2017-03-21T16:15:25","slug":"4-algunos-segundos-1980-2015","status":"publish","type":"post","link":"https:\/\/www.ude.edu.ar\/areacultural\/2017\/02\/23\/4-algunos-segundos-1980-2015\/","title":{"rendered":"#4 &#8211; Algunos Segundos (1980-2015)"},"content":{"rendered":"<p><strong>ARTISTA:<\/strong> Ariel Stivala | <strong>FECHA:<\/strong> Viernes 03\/03, 19 hs.<\/p>\n<p><img decoding=\"async\" class=\"alignleft size-full wp-image-483\" src=\"https:\/\/www.ude.edu.ar\/areacultural\/wp-content\/uploads\/sites\/3\/2017\/02\/web-ari.png\" alt=\"\" width=\"100%\" srcset=\"https:\/\/www.ude.edu.ar\/areacultural\/wp-content\/uploads\/sites\/3\/2017\/02\/web-ari.png 1041w, https:\/\/www.ude.edu.ar\/areacultural\/wp-content\/uploads\/sites\/3\/2017\/02\/web-ari-300x69.png 300w, https:\/\/www.ude.edu.ar\/areacultural\/wp-content\/uploads\/sites\/3\/2017\/02\/web-ari-1024x237.png 1024w\" sizes=\"(max-width: 709px) 85vw, (max-width: 909px) 67vw, (max-width: 1362px) 62vw, 840px\" \/><\/p>\n<blockquote>\n<p style=\"text-align: justify;\">Una, dos, tres, cuatro coincidencias: nos parece vislumbrar un\u00a0 hilo rojo que conecta a aquellos que est\u00e1n destinados a encontrarse.\u00a0 Una trama pareciera unirnos a personas, lugares, experiencias, de maneras desconocidas y dif\u00edciles de explicar. La l\u00f3gica falla ante la persistencia de la casualidad: \u00bfC\u00f3mo extraer sentidos de aquello que llamamos coincidencia?<\/p>\n<\/blockquote>\n<p style=\"text-align: justify;\">De acuerdo con la teor\u00eda de los seis grados de separaci\u00f3n, nuestras subjetividades est\u00e1n tejidas inextricablemente entre s\u00ed, a trav\u00e9s de unas pocas puntadas. Como la ciencia y el mito, las pr\u00e1cticas art\u00edsticas despliegan estrategias para aproximarnos a lo real y a lo posible, para ensayar modos posibles de estar-juntos: como seres sociales, configuramos nuestras subjetividades a partir de perpetuas transacciones con los dem\u00e1s. Nuestras historias, entonces, son siempre compartidas, complejas, colectivas.<\/p>\n<p style=\"text-align: justify;\">Frente a la inmensidad de lo probable, el artista-investigador se vuelve y se aferra a las im\u00e1genes: son vestigios materiales de lo vivido, documentos de lo real. Recolecta todas las fotograf\u00edas que \u00e9l ha tomado y aquellas en las que ha sido retratado, identificando aquellas personas desconocidas que cohabitan las im\u00e1genes. Recorta y se\u00f1ala, se desprende de todo lo que le es familiar: se enfrenta con lo(s) desconocido(s). <em>Algunos segundos<\/em> <em>(1980-2015)<\/em> asume la tarea de cartografiar futuros posibles, de revisitar el pasado vivido en b\u00fasqueda de un sentido latente, a\u00fan no revelado.<\/p>\n<p style=\"text-align: justify;\">A trav\u00e9s de sucesivos reencuadres y acercamientos, se activa la conexi\u00f3n irresuelta, el v\u00ednculo probable, el ritual para hilvanar aquellas hebras a\u00fan sueltas. Se trata, entonces, de un artilugio para disolver las distancias, para deshacer el conjuro: los Otros no nos resultan lejanos, temidos, desconocidos. Como archivo de lo posible, <em>Algunos Segundos (1980-2015)<\/em> es la promesa de una huella, insiste en la ausencia de aquello que est\u00e1 por venir, que todav\u00eda no ha sucedido.<\/p>\n<p>&nbsp;<\/p>\n<p><em>Clarisa L\u00f3pez Galarza<\/em><\/p>\n<p>&nbsp;<\/p>\n<hr \/>\n<h1><strong>Ariel Stivala<\/strong><\/h1>\n<p>Nacido en Buenos Aires, es profesor y licenciado en artes pl\u00e1sticas egresado de la Facultad de Bellas Artes (UNLP). Actualmente se encuentra finalizando la Especializaci\u00f3n en Medios y Tecnolog\u00edas para la Producci\u00f3n Pict\u00f3rica en la Universidad Nacional de las Artes. Se desempe\u00f1a como docente e investigador en la Universidad Nacional de las Artes y como ayudante adscripto en la Faculta de Bellas Artes en\u00a0 La Plata.<\/p>\n<p>Como artista ha presentado sus trabajos en exposiciones individuales y colectivas tanto en la ciudad de La Plata como en la Ciudad Aut\u00f3noma de Buenos Aires<\/p>\n<p><iframe loading=\"lazy\" src=\"\/\/www.youtube.com\/embed\/7KCrwvOmQLI\" width=\"560\" height=\"315\" frameborder=\"0\" allowfullscreen=\"allowfullscreen\"><\/iframe><\/p>\n<p><img loading=\"lazy\" decoding=\"async\" class=\"alignleft wp-image-494\" src=\"https:\/\/www.ude.edu.ar\/areacultural\/wp-content\/uploads\/sites\/3\/2017\/02\/1.jpg\" alt=\"\" width=\"255\" height=\"170\" srcset=\"https:\/\/www.ude.edu.ar\/areacultural\/wp-content\/uploads\/sites\/3\/2017\/02\/1.jpg 1296w, https:\/\/www.ude.edu.ar\/areacultural\/wp-content\/uploads\/sites\/3\/2017\/02\/1-300x200.jpg 300w, https:\/\/www.ude.edu.ar\/areacultural\/wp-content\/uploads\/sites\/3\/2017\/02\/1-1024x683.jpg 1024w, https:\/\/www.ude.edu.ar\/areacultural\/wp-content\/uploads\/sites\/3\/2017\/02\/1-1200x800.jpg 1200w\" sizes=\"(max-width: 255px) 85vw, 255px\" \/> <img loading=\"lazy\" decoding=\"async\" class=\"alignleft wp-image-495\" src=\"https:\/\/www.ude.edu.ar\/areacultural\/wp-content\/uploads\/sites\/3\/2017\/02\/3.jpg\" alt=\"\" width=\"254\" height=\"169\" srcset=\"https:\/\/www.ude.edu.ar\/areacultural\/wp-content\/uploads\/sites\/3\/2017\/02\/3.jpg 1296w, https:\/\/www.ude.edu.ar\/areacultural\/wp-content\/uploads\/sites\/3\/2017\/02\/3-300x200.jpg 300w, https:\/\/www.ude.edu.ar\/areacultural\/wp-content\/uploads\/sites\/3\/2017\/02\/3-1024x683.jpg 1024w, https:\/\/www.ude.edu.ar\/areacultural\/wp-content\/uploads\/sites\/3\/2017\/02\/3-1200x800.jpg 1200w\" sizes=\"(max-width: 254px) 85vw, 254px\" \/><\/p>\n<p>&nbsp;<\/p>\n<p>&nbsp;<\/p>\n<p>&nbsp;<\/p>\n<p>&nbsp;<\/p>\n<p><img loading=\"lazy\" decoding=\"async\" class=\"alignleft wp-image-497\" src=\"https:\/\/www.ude.edu.ar\/areacultural\/wp-content\/uploads\/sites\/3\/2017\/02\/5.jpg\" alt=\"\" width=\"255\" height=\"170\" srcset=\"https:\/\/www.ude.edu.ar\/areacultural\/wp-content\/uploads\/sites\/3\/2017\/02\/5.jpg 1296w, https:\/\/www.ude.edu.ar\/areacultural\/wp-content\/uploads\/sites\/3\/2017\/02\/5-300x200.jpg 300w, https:\/\/www.ude.edu.ar\/areacultural\/wp-content\/uploads\/sites\/3\/2017\/02\/5-1024x683.jpg 1024w, https:\/\/www.ude.edu.ar\/areacultural\/wp-content\/uploads\/sites\/3\/2017\/02\/5-1200x800.jpg 1200w\" sizes=\"(max-width: 255px) 85vw, 255px\" \/><\/p>\n<p><img loading=\"lazy\" decoding=\"async\" class=\"alignleft wp-image-496\" src=\"https:\/\/www.ude.edu.ar\/areacultural\/wp-content\/uploads\/sites\/3\/2017\/02\/4.jpg\" alt=\"\" width=\"255\" height=\"170\" srcset=\"https:\/\/www.ude.edu.ar\/areacultural\/wp-content\/uploads\/sites\/3\/2017\/02\/4.jpg 1296w, https:\/\/www.ude.edu.ar\/areacultural\/wp-content\/uploads\/sites\/3\/2017\/02\/4-300x200.jpg 300w, https:\/\/www.ude.edu.ar\/areacultural\/wp-content\/uploads\/sites\/3\/2017\/02\/4-1024x683.jpg 1024w, https:\/\/www.ude.edu.ar\/areacultural\/wp-content\/uploads\/sites\/3\/2017\/02\/4-1200x800.jpg 1200w\" sizes=\"(max-width: 255px) 85vw, 255px\" \/><\/p>\n<p>&nbsp;<\/p>\n<p>&nbsp;<\/p>\n<p>&nbsp;<\/p>\n<p>&nbsp;<\/p>\n<p>El d\u00eda 03\u00a0de marzo, Ariel Stivala present\u00f3 la exposici\u00f3n <em>Algunos Segundos (1980-2015)<\/em>, trabajo integrador final de la Especializaci\u00f3n en medios y tecnolog\u00edas para la producci\u00f3n pict\u00f3rica (Universidad Nacional de las Artes), con la tutor\u00eda de Bibiana Anguio y Edicita Sarragoicochea. El jurado estuvo compuesto por las docentes y artistas Nelda Ramos, Jimena Pezzucchi y Guadalupe Pardo. Asistieron tambi\u00e9n a la presentaci\u00f3n la rectora de la Universidad del Este, Mercedes Reitano, la coordinadora del \u00c1rea Cultural, Ayel\u00e9n Lamas, y la curadora de la exposici\u00f3n, Clarisa L\u00f3pez Galarza. Luego de recorrer la exposici\u00f3n, Ariel llev\u00f3 adelante una presentaci\u00f3n multimedial en la que condens\u00f3 su trabajo conceptual y visual. El trabajo fue aprobado con una calificaci\u00f3n de 10 puntos.<\/p>\n","protected":false},"excerpt":{"rendered":"<p>ARTISTA: Ariel Stivala | FECHA: Viernes 03\/03, 19 hs. Una, dos, tres, cuatro coincidencias: nos parece vislumbrar un\u00a0 hilo rojo que conecta a aquellos que est\u00e1n destinados a encontrarse.\u00a0 Una trama pareciera unirnos a personas, lugares, experiencias, de maneras desconocidas y dif\u00edciles de explicar. La l\u00f3gica falla ante la persistencia de la casualidad: \u00bfC\u00f3mo extraer &hellip; <a href=\"https:\/\/www.ude.edu.ar\/areacultural\/2017\/02\/23\/4-algunos-segundos-1980-2015\/\" class=\"more-link\">Continuar leyendo<span class=\"screen-reader-text\"> &#8220;#4 &#8211; Algunos Segundos (1980-2015)&#8221;<\/span><\/a><\/p>\n","protected":false},"author":2,"featured_media":0,"comment_status":"closed","ping_status":"open","sticky":false,"template":"","format":"standard","meta":{"_acf_changed":false,"footnotes":""},"categories":[5,1],"tags":[],"acf":[],"yoast_head":"<!-- This site is optimized with the Yoast SEO plugin v22.8 - https:\/\/yoast.com\/wordpress\/plugins\/seo\/ -->\n<title>#4 - Algunos Segundos (1980-2015) - UDE | \u00c1rea Cultural<\/title>\n<meta name=\"robots\" content=\"index, follow, max-snippet:-1, max-image-preview:large, max-video-preview:-1\" \/>\n<link rel=\"canonical\" href=\"https:\/\/www.ude.edu.ar\/areacultural\/2017\/02\/23\/4-algunos-segundos-1980-2015\/\" \/>\n<meta property=\"og:locale\" content=\"es_ES\" \/>\n<meta property=\"og:type\" content=\"article\" \/>\n<meta property=\"og:title\" content=\"#4 - Algunos Segundos (1980-2015) - UDE | \u00c1rea Cultural\" \/>\n<meta property=\"og:description\" content=\"ARTISTA: Ariel Stivala | FECHA: Viernes 03\/03, 19 hs. Una, dos, tres, cuatro coincidencias: nos parece vislumbrar un\u00a0 hilo rojo que conecta a aquellos que est\u00e1n destinados a encontrarse.\u00a0 Una trama pareciera unirnos a personas, lugares, experiencias, de maneras desconocidas y dif\u00edciles de explicar. La l\u00f3gica falla ante la persistencia de la casualidad: \u00bfC\u00f3mo extraer &hellip; Continuar leyendo &quot;#4 &#8211; Algunos Segundos (1980-2015)&quot;\" \/>\n<meta property=\"og:url\" content=\"https:\/\/www.ude.edu.ar\/areacultural\/2017\/02\/23\/4-algunos-segundos-1980-2015\/\" \/>\n<meta property=\"og:site_name\" content=\"UDE | \u00c1rea Cultural\" \/>\n<meta property=\"article:published_time\" content=\"2017-02-23T15:22:24+00:00\" \/>\n<meta property=\"article:modified_time\" content=\"2017-03-21T16:15:25+00:00\" \/>\n<meta property=\"og:image\" content=\"https:\/\/www.ude.edu.ar\/areacultural\/wp-content\/uploads\/sites\/3\/2017\/02\/web-ari.png\" \/>\n<meta name=\"author\" content=\"ude-admin\" \/>\n<meta name=\"twitter:card\" content=\"summary_large_image\" \/>\n<meta name=\"twitter:label1\" content=\"Escrito por\" \/>\n\t<meta name=\"twitter:data1\" content=\"ude-admin\" \/>\n\t<meta name=\"twitter:label2\" content=\"Tiempo de lectura\" \/>\n\t<meta name=\"twitter:data2\" content=\"3 minutos\" \/>\n<script type=\"application\/ld+json\" class=\"yoast-schema-graph\">{\"@context\":\"https:\/\/schema.org\",\"@graph\":[{\"@type\":\"WebPage\",\"@id\":\"https:\/\/www.ude.edu.ar\/areacultural\/2017\/02\/23\/4-algunos-segundos-1980-2015\/\",\"url\":\"https:\/\/www.ude.edu.ar\/areacultural\/2017\/02\/23\/4-algunos-segundos-1980-2015\/\",\"name\":\"#4 - Algunos Segundos (1980-2015) - UDE | \u00c1rea Cultural\",\"isPartOf\":{\"@id\":\"https:\/\/www.ude.edu.ar\/areacultural\/#website\"},\"primaryImageOfPage\":{\"@id\":\"https:\/\/www.ude.edu.ar\/areacultural\/2017\/02\/23\/4-algunos-segundos-1980-2015\/#primaryimage\"},\"image\":{\"@id\":\"https:\/\/www.ude.edu.ar\/areacultural\/2017\/02\/23\/4-algunos-segundos-1980-2015\/#primaryimage\"},\"thumbnailUrl\":\"https:\/\/www.ude.edu.ar\/areacultural\/wp-content\/uploads\/sites\/3\/2017\/02\/web-ari.png\",\"datePublished\":\"2017-02-23T15:22:24+00:00\",\"dateModified\":\"2017-03-21T16:15:25+00:00\",\"author\":{\"@id\":\"https:\/\/www.ude.edu.ar\/areacultural\/#\/schema\/person\/1b5e3fb142db28f2317fe6ab4363e1ba\"},\"breadcrumb\":{\"@id\":\"https:\/\/www.ude.edu.ar\/areacultural\/2017\/02\/23\/4-algunos-segundos-1980-2015\/#breadcrumb\"},\"inLanguage\":\"es-AR\",\"potentialAction\":[{\"@type\":\"ReadAction\",\"target\":[\"https:\/\/www.ude.edu.ar\/areacultural\/2017\/02\/23\/4-algunos-segundos-1980-2015\/\"]}]},{\"@type\":\"ImageObject\",\"inLanguage\":\"es-AR\",\"@id\":\"https:\/\/www.ude.edu.ar\/areacultural\/2017\/02\/23\/4-algunos-segundos-1980-2015\/#primaryimage\",\"url\":\"https:\/\/www.ude.edu.ar\/areacultural\/wp-content\/uploads\/sites\/3\/2017\/02\/web-ari.png\",\"contentUrl\":\"https:\/\/www.ude.edu.ar\/areacultural\/wp-content\/uploads\/sites\/3\/2017\/02\/web-ari.png\",\"width\":1041,\"height\":241},{\"@type\":\"BreadcrumbList\",\"@id\":\"https:\/\/www.ude.edu.ar\/areacultural\/2017\/02\/23\/4-algunos-segundos-1980-2015\/#breadcrumb\",\"itemListElement\":[{\"@type\":\"ListItem\",\"position\":1,\"name\":\"Home\",\"item\":\"https:\/\/www.ude.edu.ar\/areacultural\/\"},{\"@type\":\"ListItem\",\"position\":2,\"name\":\"#4 &#8211; Algunos Segundos (1980-2015)\"}]},{\"@type\":\"WebSite\",\"@id\":\"https:\/\/www.ude.edu.ar\/areacultural\/#website\",\"url\":\"https:\/\/www.ude.edu.ar\/areacultural\/\",\"name\":\"UDE | \u00c1rea Cultural\",\"description\":\"\u00c1rea Cultural de la Universidad del Este\",\"potentialAction\":[{\"@type\":\"SearchAction\",\"target\":{\"@type\":\"EntryPoint\",\"urlTemplate\":\"https:\/\/www.ude.edu.ar\/areacultural\/?s={search_term_string}\"},\"query-input\":\"required name=search_term_string\"}],\"inLanguage\":\"es-AR\"},{\"@type\":\"Person\",\"@id\":\"https:\/\/www.ude.edu.ar\/areacultural\/#\/schema\/person\/1b5e3fb142db28f2317fe6ab4363e1ba\",\"name\":\"ude-admin\",\"image\":{\"@type\":\"ImageObject\",\"inLanguage\":\"es-AR\",\"@id\":\"https:\/\/www.ude.edu.ar\/areacultural\/#\/schema\/person\/image\/\",\"url\":\"https:\/\/www.ude.edu.ar\/areacultural\/wp-content\/uploads\/sites\/3\/2016\/04\/logo_512-96x96.jpg\",\"contentUrl\":\"https:\/\/www.ude.edu.ar\/areacultural\/wp-content\/uploads\/sites\/3\/2016\/04\/logo_512-96x96.jpg\",\"caption\":\"ude-admin\"},\"url\":\"https:\/\/www.ude.edu.ar\/areacultural\/author\/ude-admin\/\"}]}<\/script>\n<!-- \/ Yoast SEO plugin. -->","yoast_head_json":{"title":"#4 - Algunos Segundos (1980-2015) - UDE | \u00c1rea Cultural","robots":{"index":"index","follow":"follow","max-snippet":"max-snippet:-1","max-image-preview":"max-image-preview:large","max-video-preview":"max-video-preview:-1"},"canonical":"https:\/\/www.ude.edu.ar\/areacultural\/2017\/02\/23\/4-algunos-segundos-1980-2015\/","og_locale":"es_ES","og_type":"article","og_title":"#4 - Algunos Segundos (1980-2015) - UDE | \u00c1rea Cultural","og_description":"ARTISTA: Ariel Stivala | FECHA: Viernes 03\/03, 19 hs. Una, dos, tres, cuatro coincidencias: nos parece vislumbrar un\u00a0 hilo rojo que conecta a aquellos que est\u00e1n destinados a encontrarse.\u00a0 Una trama pareciera unirnos a personas, lugares, experiencias, de maneras desconocidas y dif\u00edciles de explicar. La l\u00f3gica falla ante la persistencia de la casualidad: \u00bfC\u00f3mo extraer &hellip; Continuar leyendo \"#4 &#8211; Algunos Segundos (1980-2015)\"","og_url":"https:\/\/www.ude.edu.ar\/areacultural\/2017\/02\/23\/4-algunos-segundos-1980-2015\/","og_site_name":"UDE | \u00c1rea Cultural","article_published_time":"2017-02-23T15:22:24+00:00","article_modified_time":"2017-03-21T16:15:25+00:00","og_image":[{"url":"https:\/\/www.ude.edu.ar\/areacultural\/wp-content\/uploads\/sites\/3\/2017\/02\/web-ari.png"}],"author":"ude-admin","twitter_card":"summary_large_image","twitter_misc":{"Escrito por":"ude-admin","Tiempo de lectura":"3 minutos"},"schema":{"@context":"https:\/\/schema.org","@graph":[{"@type":"WebPage","@id":"https:\/\/www.ude.edu.ar\/areacultural\/2017\/02\/23\/4-algunos-segundos-1980-2015\/","url":"https:\/\/www.ude.edu.ar\/areacultural\/2017\/02\/23\/4-algunos-segundos-1980-2015\/","name":"#4 - Algunos Segundos (1980-2015) - UDE | \u00c1rea Cultural","isPartOf":{"@id":"https:\/\/www.ude.edu.ar\/areacultural\/#website"},"primaryImageOfPage":{"@id":"https:\/\/www.ude.edu.ar\/areacultural\/2017\/02\/23\/4-algunos-segundos-1980-2015\/#primaryimage"},"image":{"@id":"https:\/\/www.ude.edu.ar\/areacultural\/2017\/02\/23\/4-algunos-segundos-1980-2015\/#primaryimage"},"thumbnailUrl":"https:\/\/www.ude.edu.ar\/areacultural\/wp-content\/uploads\/sites\/3\/2017\/02\/web-ari.png","datePublished":"2017-02-23T15:22:24+00:00","dateModified":"2017-03-21T16:15:25+00:00","author":{"@id":"https:\/\/www.ude.edu.ar\/areacultural\/#\/schema\/person\/1b5e3fb142db28f2317fe6ab4363e1ba"},"breadcrumb":{"@id":"https:\/\/www.ude.edu.ar\/areacultural\/2017\/02\/23\/4-algunos-segundos-1980-2015\/#breadcrumb"},"inLanguage":"es-AR","potentialAction":[{"@type":"ReadAction","target":["https:\/\/www.ude.edu.ar\/areacultural\/2017\/02\/23\/4-algunos-segundos-1980-2015\/"]}]},{"@type":"ImageObject","inLanguage":"es-AR","@id":"https:\/\/www.ude.edu.ar\/areacultural\/2017\/02\/23\/4-algunos-segundos-1980-2015\/#primaryimage","url":"https:\/\/www.ude.edu.ar\/areacultural\/wp-content\/uploads\/sites\/3\/2017\/02\/web-ari.png","contentUrl":"https:\/\/www.ude.edu.ar\/areacultural\/wp-content\/uploads\/sites\/3\/2017\/02\/web-ari.png","width":1041,"height":241},{"@type":"BreadcrumbList","@id":"https:\/\/www.ude.edu.ar\/areacultural\/2017\/02\/23\/4-algunos-segundos-1980-2015\/#breadcrumb","itemListElement":[{"@type":"ListItem","position":1,"name":"Home","item":"https:\/\/www.ude.edu.ar\/areacultural\/"},{"@type":"ListItem","position":2,"name":"#4 &#8211; Algunos Segundos (1980-2015)"}]},{"@type":"WebSite","@id":"https:\/\/www.ude.edu.ar\/areacultural\/#website","url":"https:\/\/www.ude.edu.ar\/areacultural\/","name":"UDE | \u00c1rea Cultural","description":"\u00c1rea Cultural de la Universidad del Este","potentialAction":[{"@type":"SearchAction","target":{"@type":"EntryPoint","urlTemplate":"https:\/\/www.ude.edu.ar\/areacultural\/?s={search_term_string}"},"query-input":"required name=search_term_string"}],"inLanguage":"es-AR"},{"@type":"Person","@id":"https:\/\/www.ude.edu.ar\/areacultural\/#\/schema\/person\/1b5e3fb142db28f2317fe6ab4363e1ba","name":"ude-admin","image":{"@type":"ImageObject","inLanguage":"es-AR","@id":"https:\/\/www.ude.edu.ar\/areacultural\/#\/schema\/person\/image\/","url":"https:\/\/www.ude.edu.ar\/areacultural\/wp-content\/uploads\/sites\/3\/2016\/04\/logo_512-96x96.jpg","contentUrl":"https:\/\/www.ude.edu.ar\/areacultural\/wp-content\/uploads\/sites\/3\/2016\/04\/logo_512-96x96.jpg","caption":"ude-admin"},"url":"https:\/\/www.ude.edu.ar\/areacultural\/author\/ude-admin\/"}]}},"_links":{"self":[{"href":"https:\/\/www.ude.edu.ar\/areacultural\/wp-json\/wp\/v2\/posts\/482"}],"collection":[{"href":"https:\/\/www.ude.edu.ar\/areacultural\/wp-json\/wp\/v2\/posts"}],"about":[{"href":"https:\/\/www.ude.edu.ar\/areacultural\/wp-json\/wp\/v2\/types\/post"}],"author":[{"embeddable":true,"href":"https:\/\/www.ude.edu.ar\/areacultural\/wp-json\/wp\/v2\/users\/2"}],"replies":[{"embeddable":true,"href":"https:\/\/www.ude.edu.ar\/areacultural\/wp-json\/wp\/v2\/comments?post=482"}],"version-history":[{"count":14,"href":"https:\/\/www.ude.edu.ar\/areacultural\/wp-json\/wp\/v2\/posts\/482\/revisions"}],"predecessor-version":[{"id":506,"href":"https:\/\/www.ude.edu.ar\/areacultural\/wp-json\/wp\/v2\/posts\/482\/revisions\/506"}],"wp:attachment":[{"href":"https:\/\/www.ude.edu.ar\/areacultural\/wp-json\/wp\/v2\/media?parent=482"}],"wp:term":[{"taxonomy":"category","embeddable":true,"href":"https:\/\/www.ude.edu.ar\/areacultural\/wp-json\/wp\/v2\/categories?post=482"},{"taxonomy":"post_tag","embeddable":true,"href":"https:\/\/www.ude.edu.ar\/areacultural\/wp-json\/wp\/v2\/tags?post=482"}],"curies":[{"name":"wp","href":"https:\/\/api.w.org\/{rel}","templated":true}]}}