{"id":413,"date":"2016-11-22T20:50:58","date_gmt":"2016-11-22T20:50:58","guid":{"rendered":"https:\/\/www.ude.edu.ar\/areacultural\/?p=413"},"modified":"2016-12-13T19:18:38","modified_gmt":"2016-12-13T19:18:38","slug":"enlaces","status":"publish","type":"post","link":"https:\/\/www.ude.edu.ar\/areacultural\/2016\/11\/22\/enlaces\/","title":{"rendered":"&#8220;Enlaces&#8221;"},"content":{"rendered":"<p><strong>Fecha:<\/strong>\u00a0Viernes 2\/12, 19hs.<\/p>\n<p><img loading=\"lazy\" decoding=\"async\" class=\"alignleft size-full wp-image-419\" src=\"https:\/\/www.ude.edu.ar\/areacultural\/wp-content\/uploads\/sites\/3\/2016\/11\/web.png\" alt=\"web\" width=\"1024\" height=\"241\" srcset=\"https:\/\/www.ude.edu.ar\/areacultural\/wp-content\/uploads\/sites\/3\/2016\/11\/web.png 1024w, https:\/\/www.ude.edu.ar\/areacultural\/wp-content\/uploads\/sites\/3\/2016\/11\/web-300x71.png 300w\" sizes=\"(max-width: 709px) 85vw, (max-width: 909px) 67vw, (max-width: 1362px) 62vw, 840px\" \/><\/p>\n<p>En el marco del convenio entre la Universidad del Este y la Universidad Nacional de La Plata los alumnos de la c\u00e1tedra de Taller de Producci\u00f3n Pl\u00e1stica Pintura, del 5to. A\u00f1o de la Lic. En Artes Pl\u00e1sticas de la Facultad de Bellas Artes, exponen en nuestro nuevo espacio, la muestra &#8220;Enlaces&#8221;.<\/p>\n<blockquote><p>\u201cSi me dan a elegir entre homogeneidad y heterogeneidad, prefiero la heterogeneidad. Si me\u00a0dan a elegir entre uniformidad y diversidad, prefiero la diversidad. Si me dan a elegir entre\u00a0dogmatismo y eclecticismo, prefiero el eclecticismo. En fin&#8230; prefiero los talleres que se\u00a0involucran en la compleja b\u00fasqueda de las expresiones subjetivas singulares, y no los dogmas\u00a0de las academias, de las vanguardias y las modas que uniforman.\u201d<\/p>\n<p style=\"text-align: right;\">Ra\u00fal Moneta<br \/>\nProf. Titular C\u00e1tedra de Pintura<br \/>\nFBA. UNLP<\/p>\n<\/blockquote>\n<p>Seis cosmovisiones heterog\u00e9neas hermanadas por la pintura; cada una sosteniendo su propia po\u00e9tica:<br \/>\n&#8211; cuestionando estereotipos sociales (Malena Biangardi),<br \/>\n&#8211; transformando el silencio en un grito cat\u00e1rtico (Carmen J\u00e1uregui),<br \/>\n&#8211; proponiendo una historia argentina desde la hibridez de la cultura (Romina Estela),<br \/>\n&#8211; explorando el g\u00e9nero del retrato como un modo de acercamiento al otro (Camila Lotes),<br \/>\n&#8211; volviendo a unir las partes de un cuerpo fragmentado (Ornella Scarponi),<br \/>\n&#8211; seduciendo y atrapando al ojo alienado (Jere Obaya).<\/p>\n<p>Seis estudiantes reunidos al final de un trayecto; seis trabajos en proceso de elaboraci\u00f3n; seis b\u00fasquedas independientes que comparten la expectativa de lo inconcluso, la incertidumbre del devenir y el motor de lo posible.<br \/>\nLic. Ariel Stivala<\/p>\n<p>En lo profundo de cada recorrido buscaron encontrar el modo: de decir lo silenciado, de exteriorizar lo interiorizado, de enfrentar lo naturalizado, de plasmar lo representado, de desafiar lo habituado, de adaptar lo importado. Pero a\u00fan siendo cada camino individual, todos convergen en encontrar el modo de representar lo que habita en el cuerpo.<br \/>\nProf. Paula La Vista<\/p>\n<p style=\"text-align: center;\"><img loading=\"lazy\" decoding=\"async\" class=\"alignleft wp-image-434\" src=\"https:\/\/www.ude.edu.ar\/areacultural\/wp-content\/uploads\/sites\/3\/2016\/11\/MG_9829.jpg\" alt=\"_mg_9829\" width=\"266\" height=\"177\" srcset=\"https:\/\/www.ude.edu.ar\/areacultural\/wp-content\/uploads\/sites\/3\/2016\/11\/MG_9829.jpg 1296w, https:\/\/www.ude.edu.ar\/areacultural\/wp-content\/uploads\/sites\/3\/2016\/11\/MG_9829-300x200.jpg 300w, https:\/\/www.ude.edu.ar\/areacultural\/wp-content\/uploads\/sites\/3\/2016\/11\/MG_9829-1024x683.jpg 1024w, https:\/\/www.ude.edu.ar\/areacultural\/wp-content\/uploads\/sites\/3\/2016\/11\/MG_9829-1200x800.jpg 1200w\" sizes=\"(max-width: 266px) 85vw, 266px\" \/> <img loading=\"lazy\" decoding=\"async\" class=\"alignleft wp-image-435\" src=\"https:\/\/www.ude.edu.ar\/areacultural\/wp-content\/uploads\/sites\/3\/2016\/11\/MG_9837.jpg\" alt=\"_mg_9837\" width=\"266\" height=\"177\" srcset=\"https:\/\/www.ude.edu.ar\/areacultural\/wp-content\/uploads\/sites\/3\/2016\/11\/MG_9837.jpg 1296w, https:\/\/www.ude.edu.ar\/areacultural\/wp-content\/uploads\/sites\/3\/2016\/11\/MG_9837-300x200.jpg 300w, https:\/\/www.ude.edu.ar\/areacultural\/wp-content\/uploads\/sites\/3\/2016\/11\/MG_9837-1024x683.jpg 1024w, https:\/\/www.ude.edu.ar\/areacultural\/wp-content\/uploads\/sites\/3\/2016\/11\/MG_9837-1200x800.jpg 1200w\" sizes=\"(max-width: 266px) 85vw, 266px\" \/><img loading=\"lazy\" decoding=\"async\" class=\"alignleft wp-image-436\" src=\"https:\/\/www.ude.edu.ar\/areacultural\/wp-content\/uploads\/sites\/3\/2016\/11\/MG_9871.jpg\" alt=\"_mg_9871\" width=\"596\" height=\"397\" srcset=\"https:\/\/www.ude.edu.ar\/areacultural\/wp-content\/uploads\/sites\/3\/2016\/11\/MG_9871.jpg 1296w, https:\/\/www.ude.edu.ar\/areacultural\/wp-content\/uploads\/sites\/3\/2016\/11\/MG_9871-300x200.jpg 300w, https:\/\/www.ude.edu.ar\/areacultural\/wp-content\/uploads\/sites\/3\/2016\/11\/MG_9871-1024x683.jpg 1024w, https:\/\/www.ude.edu.ar\/areacultural\/wp-content\/uploads\/sites\/3\/2016\/11\/MG_9871-1200x800.jpg 1200w\" sizes=\"(max-width: 596px) 85vw, 596px\" \/><\/p>\n<p><iframe loading=\"lazy\" width=\"840\" height=\"473\" src=\"https:\/\/www.youtube.com\/embed\/VNTg_AVcqww?feature=oembed\" frameborder=\"0\" allowfullscreen><\/iframe><\/p>\n","protected":false},"excerpt":{"rendered":"<p>Fecha:\u00a0Viernes 2\/12, 19hs. En el marco del convenio entre la Universidad del Este y la Universidad Nacional de La Plata los alumnos de la c\u00e1tedra de Taller de Producci\u00f3n Pl\u00e1stica Pintura, del 5to. A\u00f1o de la Lic. En Artes Pl\u00e1sticas de la Facultad de Bellas Artes, exponen en nuestro nuevo espacio, la muestra &#8220;Enlaces&#8221;. \u201cSi &hellip; <a href=\"https:\/\/www.ude.edu.ar\/areacultural\/2016\/11\/22\/enlaces\/\" class=\"more-link\">Continuar leyendo<span class=\"screen-reader-text\"> &#8220;&#8220;Enlaces&#8221;&#8221;<\/span><\/a><\/p>\n","protected":false},"author":2,"featured_media":0,"comment_status":"closed","ping_status":"open","sticky":false,"template":"","format":"standard","meta":{"_acf_changed":false,"footnotes":""},"categories":[5],"tags":[],"acf":[],"yoast_head":"<!-- This site is optimized with the Yoast SEO plugin v22.8 - https:\/\/yoast.com\/wordpress\/plugins\/seo\/ -->\n<title>&quot;Enlaces&quot; - UDE | \u00c1rea Cultural<\/title>\n<meta name=\"robots\" content=\"index, follow, max-snippet:-1, max-image-preview:large, max-video-preview:-1\" \/>\n<link rel=\"canonical\" href=\"https:\/\/www.ude.edu.ar\/areacultural\/2016\/11\/22\/enlaces\/\" \/>\n<meta property=\"og:locale\" content=\"es_ES\" \/>\n<meta property=\"og:type\" content=\"article\" \/>\n<meta property=\"og:title\" content=\"&quot;Enlaces&quot; - UDE | \u00c1rea Cultural\" \/>\n<meta property=\"og:description\" content=\"Fecha:\u00a0Viernes 2\/12, 19hs. En el marco del convenio entre la Universidad del Este y la Universidad Nacional de La Plata los alumnos de la c\u00e1tedra de Taller de Producci\u00f3n Pl\u00e1stica Pintura, del 5to. A\u00f1o de la Lic. En Artes Pl\u00e1sticas de la Facultad de Bellas Artes, exponen en nuestro nuevo espacio, la muestra &#8220;Enlaces&#8221;. \u201cSi &hellip; Continuar leyendo &quot;&#8220;Enlaces&#8221;&quot;\" \/>\n<meta property=\"og:url\" content=\"https:\/\/www.ude.edu.ar\/areacultural\/2016\/11\/22\/enlaces\/\" \/>\n<meta property=\"og:site_name\" content=\"UDE | \u00c1rea Cultural\" \/>\n<meta property=\"article:published_time\" content=\"2016-11-22T20:50:58+00:00\" \/>\n<meta property=\"article:modified_time\" content=\"2016-12-13T19:18:38+00:00\" \/>\n<meta property=\"og:image\" content=\"https:\/\/www.ude.edu.ar\/areacultural\/wp-content\/uploads\/sites\/3\/2016\/11\/web.png\" \/>\n<meta name=\"author\" content=\"ude-admin\" \/>\n<meta name=\"twitter:card\" content=\"summary_large_image\" \/>\n<meta name=\"twitter:label1\" content=\"Escrito por\" \/>\n\t<meta name=\"twitter:data1\" content=\"ude-admin\" \/>\n\t<meta name=\"twitter:label2\" content=\"Tiempo de lectura\" \/>\n\t<meta name=\"twitter:data2\" content=\"2 minutos\" \/>\n<script type=\"application\/ld+json\" class=\"yoast-schema-graph\">{\"@context\":\"https:\/\/schema.org\",\"@graph\":[{\"@type\":\"WebPage\",\"@id\":\"https:\/\/www.ude.edu.ar\/areacultural\/2016\/11\/22\/enlaces\/\",\"url\":\"https:\/\/www.ude.edu.ar\/areacultural\/2016\/11\/22\/enlaces\/\",\"name\":\"\\\"Enlaces\\\" - UDE | \u00c1rea Cultural\",\"isPartOf\":{\"@id\":\"https:\/\/www.ude.edu.ar\/areacultural\/#website\"},\"primaryImageOfPage\":{\"@id\":\"https:\/\/www.ude.edu.ar\/areacultural\/2016\/11\/22\/enlaces\/#primaryimage\"},\"image\":{\"@id\":\"https:\/\/www.ude.edu.ar\/areacultural\/2016\/11\/22\/enlaces\/#primaryimage\"},\"thumbnailUrl\":\"https:\/\/www.ude.edu.ar\/areacultural\/wp-content\/uploads\/sites\/3\/2016\/11\/web.png\",\"datePublished\":\"2016-11-22T20:50:58+00:00\",\"dateModified\":\"2016-12-13T19:18:38+00:00\",\"author\":{\"@id\":\"https:\/\/www.ude.edu.ar\/areacultural\/#\/schema\/person\/1b5e3fb142db28f2317fe6ab4363e1ba\"},\"breadcrumb\":{\"@id\":\"https:\/\/www.ude.edu.ar\/areacultural\/2016\/11\/22\/enlaces\/#breadcrumb\"},\"inLanguage\":\"es-AR\",\"potentialAction\":[{\"@type\":\"ReadAction\",\"target\":[\"https:\/\/www.ude.edu.ar\/areacultural\/2016\/11\/22\/enlaces\/\"]}]},{\"@type\":\"ImageObject\",\"inLanguage\":\"es-AR\",\"@id\":\"https:\/\/www.ude.edu.ar\/areacultural\/2016\/11\/22\/enlaces\/#primaryimage\",\"url\":\"https:\/\/www.ude.edu.ar\/areacultural\/wp-content\/uploads\/sites\/3\/2016\/11\/web.png\",\"contentUrl\":\"https:\/\/www.ude.edu.ar\/areacultural\/wp-content\/uploads\/sites\/3\/2016\/11\/web.png\",\"width\":1024,\"height\":241},{\"@type\":\"BreadcrumbList\",\"@id\":\"https:\/\/www.ude.edu.ar\/areacultural\/2016\/11\/22\/enlaces\/#breadcrumb\",\"itemListElement\":[{\"@type\":\"ListItem\",\"position\":1,\"name\":\"Home\",\"item\":\"https:\/\/www.ude.edu.ar\/areacultural\/\"},{\"@type\":\"ListItem\",\"position\":2,\"name\":\"&#8220;Enlaces&#8221;\"}]},{\"@type\":\"WebSite\",\"@id\":\"https:\/\/www.ude.edu.ar\/areacultural\/#website\",\"url\":\"https:\/\/www.ude.edu.ar\/areacultural\/\",\"name\":\"UDE | \u00c1rea Cultural\",\"description\":\"\u00c1rea Cultural de la Universidad del Este\",\"potentialAction\":[{\"@type\":\"SearchAction\",\"target\":{\"@type\":\"EntryPoint\",\"urlTemplate\":\"https:\/\/www.ude.edu.ar\/areacultural\/?s={search_term_string}\"},\"query-input\":\"required name=search_term_string\"}],\"inLanguage\":\"es-AR\"},{\"@type\":\"Person\",\"@id\":\"https:\/\/www.ude.edu.ar\/areacultural\/#\/schema\/person\/1b5e3fb142db28f2317fe6ab4363e1ba\",\"name\":\"ude-admin\",\"image\":{\"@type\":\"ImageObject\",\"inLanguage\":\"es-AR\",\"@id\":\"https:\/\/www.ude.edu.ar\/areacultural\/#\/schema\/person\/image\/\",\"url\":\"https:\/\/www.ude.edu.ar\/areacultural\/wp-content\/uploads\/sites\/3\/2016\/04\/logo_512-96x96.jpg\",\"contentUrl\":\"https:\/\/www.ude.edu.ar\/areacultural\/wp-content\/uploads\/sites\/3\/2016\/04\/logo_512-96x96.jpg\",\"caption\":\"ude-admin\"},\"url\":\"https:\/\/www.ude.edu.ar\/areacultural\/author\/ude-admin\/\"}]}<\/script>\n<!-- \/ Yoast SEO plugin. -->","yoast_head_json":{"title":"\"Enlaces\" - UDE | \u00c1rea Cultural","robots":{"index":"index","follow":"follow","max-snippet":"max-snippet:-1","max-image-preview":"max-image-preview:large","max-video-preview":"max-video-preview:-1"},"canonical":"https:\/\/www.ude.edu.ar\/areacultural\/2016\/11\/22\/enlaces\/","og_locale":"es_ES","og_type":"article","og_title":"\"Enlaces\" - UDE | \u00c1rea Cultural","og_description":"Fecha:\u00a0Viernes 2\/12, 19hs. En el marco del convenio entre la Universidad del Este y la Universidad Nacional de La Plata los alumnos de la c\u00e1tedra de Taller de Producci\u00f3n Pl\u00e1stica Pintura, del 5to. A\u00f1o de la Lic. En Artes Pl\u00e1sticas de la Facultad de Bellas Artes, exponen en nuestro nuevo espacio, la muestra &#8220;Enlaces&#8221;. \u201cSi &hellip; Continuar leyendo \"&#8220;Enlaces&#8221;\"","og_url":"https:\/\/www.ude.edu.ar\/areacultural\/2016\/11\/22\/enlaces\/","og_site_name":"UDE | \u00c1rea Cultural","article_published_time":"2016-11-22T20:50:58+00:00","article_modified_time":"2016-12-13T19:18:38+00:00","og_image":[{"url":"https:\/\/www.ude.edu.ar\/areacultural\/wp-content\/uploads\/sites\/3\/2016\/11\/web.png"}],"author":"ude-admin","twitter_card":"summary_large_image","twitter_misc":{"Escrito por":"ude-admin","Tiempo de lectura":"2 minutos"},"schema":{"@context":"https:\/\/schema.org","@graph":[{"@type":"WebPage","@id":"https:\/\/www.ude.edu.ar\/areacultural\/2016\/11\/22\/enlaces\/","url":"https:\/\/www.ude.edu.ar\/areacultural\/2016\/11\/22\/enlaces\/","name":"\"Enlaces\" - UDE | \u00c1rea Cultural","isPartOf":{"@id":"https:\/\/www.ude.edu.ar\/areacultural\/#website"},"primaryImageOfPage":{"@id":"https:\/\/www.ude.edu.ar\/areacultural\/2016\/11\/22\/enlaces\/#primaryimage"},"image":{"@id":"https:\/\/www.ude.edu.ar\/areacultural\/2016\/11\/22\/enlaces\/#primaryimage"},"thumbnailUrl":"https:\/\/www.ude.edu.ar\/areacultural\/wp-content\/uploads\/sites\/3\/2016\/11\/web.png","datePublished":"2016-11-22T20:50:58+00:00","dateModified":"2016-12-13T19:18:38+00:00","author":{"@id":"https:\/\/www.ude.edu.ar\/areacultural\/#\/schema\/person\/1b5e3fb142db28f2317fe6ab4363e1ba"},"breadcrumb":{"@id":"https:\/\/www.ude.edu.ar\/areacultural\/2016\/11\/22\/enlaces\/#breadcrumb"},"inLanguage":"es-AR","potentialAction":[{"@type":"ReadAction","target":["https:\/\/www.ude.edu.ar\/areacultural\/2016\/11\/22\/enlaces\/"]}]},{"@type":"ImageObject","inLanguage":"es-AR","@id":"https:\/\/www.ude.edu.ar\/areacultural\/2016\/11\/22\/enlaces\/#primaryimage","url":"https:\/\/www.ude.edu.ar\/areacultural\/wp-content\/uploads\/sites\/3\/2016\/11\/web.png","contentUrl":"https:\/\/www.ude.edu.ar\/areacultural\/wp-content\/uploads\/sites\/3\/2016\/11\/web.png","width":1024,"height":241},{"@type":"BreadcrumbList","@id":"https:\/\/www.ude.edu.ar\/areacultural\/2016\/11\/22\/enlaces\/#breadcrumb","itemListElement":[{"@type":"ListItem","position":1,"name":"Home","item":"https:\/\/www.ude.edu.ar\/areacultural\/"},{"@type":"ListItem","position":2,"name":"&#8220;Enlaces&#8221;"}]},{"@type":"WebSite","@id":"https:\/\/www.ude.edu.ar\/areacultural\/#website","url":"https:\/\/www.ude.edu.ar\/areacultural\/","name":"UDE | \u00c1rea Cultural","description":"\u00c1rea Cultural de la Universidad del Este","potentialAction":[{"@type":"SearchAction","target":{"@type":"EntryPoint","urlTemplate":"https:\/\/www.ude.edu.ar\/areacultural\/?s={search_term_string}"},"query-input":"required name=search_term_string"}],"inLanguage":"es-AR"},{"@type":"Person","@id":"https:\/\/www.ude.edu.ar\/areacultural\/#\/schema\/person\/1b5e3fb142db28f2317fe6ab4363e1ba","name":"ude-admin","image":{"@type":"ImageObject","inLanguage":"es-AR","@id":"https:\/\/www.ude.edu.ar\/areacultural\/#\/schema\/person\/image\/","url":"https:\/\/www.ude.edu.ar\/areacultural\/wp-content\/uploads\/sites\/3\/2016\/04\/logo_512-96x96.jpg","contentUrl":"https:\/\/www.ude.edu.ar\/areacultural\/wp-content\/uploads\/sites\/3\/2016\/04\/logo_512-96x96.jpg","caption":"ude-admin"},"url":"https:\/\/www.ude.edu.ar\/areacultural\/author\/ude-admin\/"}]}},"_links":{"self":[{"href":"https:\/\/www.ude.edu.ar\/areacultural\/wp-json\/wp\/v2\/posts\/413"}],"collection":[{"href":"https:\/\/www.ude.edu.ar\/areacultural\/wp-json\/wp\/v2\/posts"}],"about":[{"href":"https:\/\/www.ude.edu.ar\/areacultural\/wp-json\/wp\/v2\/types\/post"}],"author":[{"embeddable":true,"href":"https:\/\/www.ude.edu.ar\/areacultural\/wp-json\/wp\/v2\/users\/2"}],"replies":[{"embeddable":true,"href":"https:\/\/www.ude.edu.ar\/areacultural\/wp-json\/wp\/v2\/comments?post=413"}],"version-history":[{"count":8,"href":"https:\/\/www.ude.edu.ar\/areacultural\/wp-json\/wp\/v2\/posts\/413\/revisions"}],"predecessor-version":[{"id":440,"href":"https:\/\/www.ude.edu.ar\/areacultural\/wp-json\/wp\/v2\/posts\/413\/revisions\/440"}],"wp:attachment":[{"href":"https:\/\/www.ude.edu.ar\/areacultural\/wp-json\/wp\/v2\/media?parent=413"}],"wp:term":[{"taxonomy":"category","embeddable":true,"href":"https:\/\/www.ude.edu.ar\/areacultural\/wp-json\/wp\/v2\/categories?post=413"},{"taxonomy":"post_tag","embeddable":true,"href":"https:\/\/www.ude.edu.ar\/areacultural\/wp-json\/wp\/v2\/tags?post=413"}],"curies":[{"name":"wp","href":"https:\/\/api.w.org\/{rel}","templated":true}]}}