{"id":388,"date":"2016-10-27T15:36:06","date_gmt":"2016-10-27T15:36:06","guid":{"rendered":"https:\/\/www.ude.edu.ar\/areacultural\/?p=388"},"modified":"2016-11-18T16:40:48","modified_gmt":"2016-11-18T16:40:48","slug":"proyecto-curutchet","status":"publish","type":"post","link":"https:\/\/www.ude.edu.ar\/areacultural\/2016\/10\/27\/proyecto-curutchet\/","title":{"rendered":"#Proyecto Curutchet"},"content":{"rendered":"<p class=\"yiv5786801091MsoNormal\" style=\"text-align: justify;\"><strong>Fecha:<\/strong>\u00a0Mi\u00e9rcoles 09\/11, 19hs.<\/p>\n<p id=\"yui_3_16_0_ym19_1_1477578573336_13576\" class=\"yiv5786801091MsoNormal\" style=\"text-align: justify;\"><img loading=\"lazy\" decoding=\"async\" class=\"alignleft size-full wp-image-389\" src=\"https:\/\/www.ude.edu.ar\/areacultural\/wp-content\/uploads\/sites\/3\/2016\/10\/curutchet-web-area.png\" alt=\"curutchet-web-area\" width=\"1347\" height=\"317\" srcset=\"https:\/\/www.ude.edu.ar\/areacultural\/wp-content\/uploads\/sites\/3\/2016\/10\/curutchet-web-area.png 1347w, https:\/\/www.ude.edu.ar\/areacultural\/wp-content\/uploads\/sites\/3\/2016\/10\/curutchet-web-area-300x71.png 300w, https:\/\/www.ude.edu.ar\/areacultural\/wp-content\/uploads\/sites\/3\/2016\/10\/curutchet-web-area-1024x241.png 1024w, https:\/\/www.ude.edu.ar\/areacultural\/wp-content\/uploads\/sites\/3\/2016\/10\/curutchet-web-area-1200x282.png 1200w\" sizes=\"(max-width: 709px) 85vw, (max-width: 909px) 67vw, (max-width: 1362px) 62vw, 840px\" \/>#Proyecto Curutchet se enmarca dentro de una serie de proyectos de dise\u00f1o que se vienen llevando a cabo dentro de la materia Dise\u00f1o de Indumentaria I de la C\u00e1tedra Lisi Gonzalez, donde el eje principal es que los alumnos puedan redescubrir el acervo cultural de la Ciudad de La Plata.<u><\/u><u><\/u><\/p>\n<p id=\"yui_3_16_0_ym19_1_1477578573336_13582\" class=\"yiv5786801091MsoNormal\" style=\"text-align: justify;\">Dada la importancia que reviste la Casa Curutchet como parte de la identidad de la ciudad y junto al nombramiento de la misma como Patrimonio de Humanidad por parte de la UNESCO, este a\u00f1o se decidi\u00f3 que los alumnos de la c\u00e1tedra hagan su homenaje a la misma.<u><\/u><u><\/u><\/p>\n<p id=\"yui_3_16_0_ym19_1_1477578573336_13584\" class=\"yiv5786801091MsoNormal\" style=\"text-align: justify;\"><span id=\"yui_3_16_0_ym19_1_1477578573336_13583\">Los dise\u00f1os expuestos son puramente conceptuales y surgen luego de una investigaci\u00f3n de la vida y obra de Le Corbusier, quien no s\u00f3lo cre\u00f3 una vivienda para vivir sino una nueva manera de habitar el espacio, entender el cuerpo humano y sus necesidades, tanto privadas como en relaci\u00f3n con la comunidad y la naturaleza.<\/span><\/p>\n<p class=\"yiv5786801091MsoNormal\" style=\"text-align: justify;\">\n<div class=\"wpcf7 no-js\" id=\"wpcf7-f139-o1\" lang=\"es-AR\" dir=\"ltr\">\n<div class=\"screen-reader-response\"><p role=\"status\" aria-live=\"polite\" aria-atomic=\"true\"><\/p> <ul><\/ul><\/div>\n<form action=\"\/areacultural\/wp-json\/wp\/v2\/posts\/388#wpcf7-f139-o1\" method=\"post\" class=\"wpcf7-form init\" aria-label=\"Formulario de contacto\" novalidate=\"novalidate\" data-status=\"init\">\n<div style=\"display: none;\">\n<input type=\"hidden\" name=\"_wpcf7\" value=\"139\" \/>\n<input type=\"hidden\" name=\"_wpcf7_version\" value=\"5.9.5\" \/>\n<input type=\"hidden\" name=\"_wpcf7_locale\" value=\"es_AR\" \/>\n<input type=\"hidden\" name=\"_wpcf7_unit_tag\" value=\"wpcf7-f139-o1\" \/>\n<input type=\"hidden\" name=\"_wpcf7_container_post\" value=\"0\" \/>\n<input type=\"hidden\" name=\"_wpcf7_posted_data_hash\" value=\"\" \/>\n<input type=\"hidden\" name=\"_wpcf7_recaptcha_response\" value=\"\" \/>\n<\/div>\n<p>Nombre y Apellido *\n<\/p>\n<p><span class=\"wpcf7-form-control-wrap\" data-name=\"your-name\"><input size=\"40\" class=\"wpcf7-form-control wpcf7-text wpcf7-validates-as-required\" aria-required=\"true\" aria-invalid=\"false\" value=\"\" type=\"text\" name=\"your-name\" \/><\/span>\n<\/p>\n<p>Email *\n<\/p>\n<p><span class=\"wpcf7-form-control-wrap\" data-name=\"your-email\"><input size=\"40\" class=\"wpcf7-form-control wpcf7-email wpcf7-validates-as-required wpcf7-text wpcf7-validates-as-email\" aria-required=\"true\" aria-invalid=\"false\" value=\"\" type=\"email\" name=\"your-email\" \/><\/span>\n<\/p>\n<p>Asunto\n<\/p>\n<p><span class=\"wpcf7-form-control-wrap\" data-name=\"your-subject\"><input size=\"40\" class=\"wpcf7-form-control wpcf7-text\" aria-invalid=\"false\" value=\"\" type=\"text\" name=\"your-subject\" \/><\/span>\n<\/p>\n<p>Mensaje\n<\/p>\n<p><span class=\"wpcf7-form-control-wrap\" data-name=\"your-message\"><textarea cols=\"40\" rows=\"10\" class=\"wpcf7-form-control wpcf7-textarea\" aria-invalid=\"false\" name=\"your-message\"><\/textarea><\/span>\n<\/p>\n<p><input class=\"wpcf7-form-control wpcf7-submit has-spinner\" type=\"submit\" value=\"Enviar\" \/>\n<\/p><div class=\"wpcf7-response-output\" aria-hidden=\"true\"><\/div>\n<\/form>\n<\/div>\n<\/p>\n","protected":false},"excerpt":{"rendered":"<p>Fecha:\u00a0Mi\u00e9rcoles 09\/11, 19hs. #Proyecto Curutchet se enmarca dentro de una serie de proyectos de dise\u00f1o que se vienen llevando a cabo dentro de la materia Dise\u00f1o de Indumentaria I de la C\u00e1tedra Lisi Gonzalez, donde el eje principal es que los alumnos puedan redescubrir el acervo cultural de la Ciudad de La Plata. Dada la &hellip; <a href=\"https:\/\/www.ude.edu.ar\/areacultural\/2016\/10\/27\/proyecto-curutchet\/\" class=\"more-link\">Continuar leyendo<span class=\"screen-reader-text\"> &#8220;#Proyecto Curutchet&#8221;<\/span><\/a><\/p>\n","protected":false},"author":2,"featured_media":0,"comment_status":"closed","ping_status":"open","sticky":false,"template":"","format":"standard","meta":{"_acf_changed":false,"footnotes":""},"categories":[5],"tags":[31],"acf":[],"yoast_head":"<!-- This site is optimized with the Yoast SEO plugin v22.8 - https:\/\/yoast.com\/wordpress\/plugins\/seo\/ -->\n<title>#Proyecto Curutchet - UDE | \u00c1rea Cultural<\/title>\n<meta name=\"robots\" content=\"index, follow, max-snippet:-1, max-image-preview:large, max-video-preview:-1\" \/>\n<link rel=\"canonical\" href=\"https:\/\/www.ude.edu.ar\/areacultural\/2016\/10\/27\/proyecto-curutchet\/\" \/>\n<meta property=\"og:locale\" content=\"es_ES\" \/>\n<meta property=\"og:type\" content=\"article\" \/>\n<meta property=\"og:title\" content=\"#Proyecto Curutchet - UDE | \u00c1rea Cultural\" \/>\n<meta property=\"og:description\" content=\"Fecha:\u00a0Mi\u00e9rcoles 09\/11, 19hs. #Proyecto Curutchet se enmarca dentro de una serie de proyectos de dise\u00f1o que se vienen llevando a cabo dentro de la materia Dise\u00f1o de Indumentaria I de la C\u00e1tedra Lisi Gonzalez, donde el eje principal es que los alumnos puedan redescubrir el acervo cultural de la Ciudad de La Plata. Dada la &hellip; Continuar leyendo &quot;#Proyecto Curutchet&quot;\" \/>\n<meta property=\"og:url\" content=\"https:\/\/www.ude.edu.ar\/areacultural\/2016\/10\/27\/proyecto-curutchet\/\" \/>\n<meta property=\"og:site_name\" content=\"UDE | \u00c1rea Cultural\" \/>\n<meta property=\"article:published_time\" content=\"2016-10-27T15:36:06+00:00\" \/>\n<meta property=\"article:modified_time\" content=\"2016-11-18T16:40:48+00:00\" \/>\n<meta property=\"og:image\" content=\"https:\/\/www.ude.edu.ar\/areacultural\/wp-content\/uploads\/sites\/3\/2016\/10\/curutchet-web-area.png\" \/>\n<meta name=\"author\" content=\"ude-admin\" \/>\n<meta name=\"twitter:card\" content=\"summary_large_image\" \/>\n<meta name=\"twitter:label1\" content=\"Escrito por\" \/>\n\t<meta name=\"twitter:data1\" content=\"ude-admin\" \/>\n\t<meta name=\"twitter:label2\" content=\"Tiempo de lectura\" \/>\n\t<meta name=\"twitter:data2\" content=\"1 minuto\" \/>\n<script type=\"application\/ld+json\" class=\"yoast-schema-graph\">{\"@context\":\"https:\/\/schema.org\",\"@graph\":[{\"@type\":\"WebPage\",\"@id\":\"https:\/\/www.ude.edu.ar\/areacultural\/2016\/10\/27\/proyecto-curutchet\/\",\"url\":\"https:\/\/www.ude.edu.ar\/areacultural\/2016\/10\/27\/proyecto-curutchet\/\",\"name\":\"#Proyecto Curutchet - UDE | \u00c1rea Cultural\",\"isPartOf\":{\"@id\":\"https:\/\/www.ude.edu.ar\/areacultural\/#website\"},\"primaryImageOfPage\":{\"@id\":\"https:\/\/www.ude.edu.ar\/areacultural\/2016\/10\/27\/proyecto-curutchet\/#primaryimage\"},\"image\":{\"@id\":\"https:\/\/www.ude.edu.ar\/areacultural\/2016\/10\/27\/proyecto-curutchet\/#primaryimage\"},\"thumbnailUrl\":\"https:\/\/www.ude.edu.ar\/areacultural\/wp-content\/uploads\/sites\/3\/2016\/10\/curutchet-web-area.png\",\"datePublished\":\"2016-10-27T15:36:06+00:00\",\"dateModified\":\"2016-11-18T16:40:48+00:00\",\"author\":{\"@id\":\"https:\/\/www.ude.edu.ar\/areacultural\/#\/schema\/person\/1b5e3fb142db28f2317fe6ab4363e1ba\"},\"breadcrumb\":{\"@id\":\"https:\/\/www.ude.edu.ar\/areacultural\/2016\/10\/27\/proyecto-curutchet\/#breadcrumb\"},\"inLanguage\":\"es-AR\",\"potentialAction\":[{\"@type\":\"ReadAction\",\"target\":[\"https:\/\/www.ude.edu.ar\/areacultural\/2016\/10\/27\/proyecto-curutchet\/\"]}]},{\"@type\":\"ImageObject\",\"inLanguage\":\"es-AR\",\"@id\":\"https:\/\/www.ude.edu.ar\/areacultural\/2016\/10\/27\/proyecto-curutchet\/#primaryimage\",\"url\":\"https:\/\/www.ude.edu.ar\/areacultural\/wp-content\/uploads\/sites\/3\/2016\/10\/curutchet-web-area.png\",\"contentUrl\":\"https:\/\/www.ude.edu.ar\/areacultural\/wp-content\/uploads\/sites\/3\/2016\/10\/curutchet-web-area.png\",\"width\":1347,\"height\":317},{\"@type\":\"BreadcrumbList\",\"@id\":\"https:\/\/www.ude.edu.ar\/areacultural\/2016\/10\/27\/proyecto-curutchet\/#breadcrumb\",\"itemListElement\":[{\"@type\":\"ListItem\",\"position\":1,\"name\":\"Home\",\"item\":\"https:\/\/www.ude.edu.ar\/areacultural\/\"},{\"@type\":\"ListItem\",\"position\":2,\"name\":\"#Proyecto Curutchet\"}]},{\"@type\":\"WebSite\",\"@id\":\"https:\/\/www.ude.edu.ar\/areacultural\/#website\",\"url\":\"https:\/\/www.ude.edu.ar\/areacultural\/\",\"name\":\"UDE | \u00c1rea Cultural\",\"description\":\"\u00c1rea Cultural de la Universidad del Este\",\"potentialAction\":[{\"@type\":\"SearchAction\",\"target\":{\"@type\":\"EntryPoint\",\"urlTemplate\":\"https:\/\/www.ude.edu.ar\/areacultural\/?s={search_term_string}\"},\"query-input\":\"required name=search_term_string\"}],\"inLanguage\":\"es-AR\"},{\"@type\":\"Person\",\"@id\":\"https:\/\/www.ude.edu.ar\/areacultural\/#\/schema\/person\/1b5e3fb142db28f2317fe6ab4363e1ba\",\"name\":\"ude-admin\",\"image\":{\"@type\":\"ImageObject\",\"inLanguage\":\"es-AR\",\"@id\":\"https:\/\/www.ude.edu.ar\/areacultural\/#\/schema\/person\/image\/\",\"url\":\"https:\/\/www.ude.edu.ar\/areacultural\/wp-content\/uploads\/sites\/3\/2016\/04\/logo_512-96x96.jpg\",\"contentUrl\":\"https:\/\/www.ude.edu.ar\/areacultural\/wp-content\/uploads\/sites\/3\/2016\/04\/logo_512-96x96.jpg\",\"caption\":\"ude-admin\"},\"url\":\"https:\/\/www.ude.edu.ar\/areacultural\/author\/ude-admin\/\"}]}<\/script>\n<!-- \/ Yoast SEO plugin. -->","yoast_head_json":{"title":"#Proyecto Curutchet - UDE | \u00c1rea Cultural","robots":{"index":"index","follow":"follow","max-snippet":"max-snippet:-1","max-image-preview":"max-image-preview:large","max-video-preview":"max-video-preview:-1"},"canonical":"https:\/\/www.ude.edu.ar\/areacultural\/2016\/10\/27\/proyecto-curutchet\/","og_locale":"es_ES","og_type":"article","og_title":"#Proyecto Curutchet - UDE | \u00c1rea Cultural","og_description":"Fecha:\u00a0Mi\u00e9rcoles 09\/11, 19hs. #Proyecto Curutchet se enmarca dentro de una serie de proyectos de dise\u00f1o que se vienen llevando a cabo dentro de la materia Dise\u00f1o de Indumentaria I de la C\u00e1tedra Lisi Gonzalez, donde el eje principal es que los alumnos puedan redescubrir el acervo cultural de la Ciudad de La Plata. Dada la &hellip; Continuar leyendo \"#Proyecto Curutchet\"","og_url":"https:\/\/www.ude.edu.ar\/areacultural\/2016\/10\/27\/proyecto-curutchet\/","og_site_name":"UDE | \u00c1rea Cultural","article_published_time":"2016-10-27T15:36:06+00:00","article_modified_time":"2016-11-18T16:40:48+00:00","og_image":[{"url":"https:\/\/www.ude.edu.ar\/areacultural\/wp-content\/uploads\/sites\/3\/2016\/10\/curutchet-web-area.png"}],"author":"ude-admin","twitter_card":"summary_large_image","twitter_misc":{"Escrito por":"ude-admin","Tiempo de lectura":"1 minuto"},"schema":{"@context":"https:\/\/schema.org","@graph":[{"@type":"WebPage","@id":"https:\/\/www.ude.edu.ar\/areacultural\/2016\/10\/27\/proyecto-curutchet\/","url":"https:\/\/www.ude.edu.ar\/areacultural\/2016\/10\/27\/proyecto-curutchet\/","name":"#Proyecto Curutchet - UDE | \u00c1rea Cultural","isPartOf":{"@id":"https:\/\/www.ude.edu.ar\/areacultural\/#website"},"primaryImageOfPage":{"@id":"https:\/\/www.ude.edu.ar\/areacultural\/2016\/10\/27\/proyecto-curutchet\/#primaryimage"},"image":{"@id":"https:\/\/www.ude.edu.ar\/areacultural\/2016\/10\/27\/proyecto-curutchet\/#primaryimage"},"thumbnailUrl":"https:\/\/www.ude.edu.ar\/areacultural\/wp-content\/uploads\/sites\/3\/2016\/10\/curutchet-web-area.png","datePublished":"2016-10-27T15:36:06+00:00","dateModified":"2016-11-18T16:40:48+00:00","author":{"@id":"https:\/\/www.ude.edu.ar\/areacultural\/#\/schema\/person\/1b5e3fb142db28f2317fe6ab4363e1ba"},"breadcrumb":{"@id":"https:\/\/www.ude.edu.ar\/areacultural\/2016\/10\/27\/proyecto-curutchet\/#breadcrumb"},"inLanguage":"es-AR","potentialAction":[{"@type":"ReadAction","target":["https:\/\/www.ude.edu.ar\/areacultural\/2016\/10\/27\/proyecto-curutchet\/"]}]},{"@type":"ImageObject","inLanguage":"es-AR","@id":"https:\/\/www.ude.edu.ar\/areacultural\/2016\/10\/27\/proyecto-curutchet\/#primaryimage","url":"https:\/\/www.ude.edu.ar\/areacultural\/wp-content\/uploads\/sites\/3\/2016\/10\/curutchet-web-area.png","contentUrl":"https:\/\/www.ude.edu.ar\/areacultural\/wp-content\/uploads\/sites\/3\/2016\/10\/curutchet-web-area.png","width":1347,"height":317},{"@type":"BreadcrumbList","@id":"https:\/\/www.ude.edu.ar\/areacultural\/2016\/10\/27\/proyecto-curutchet\/#breadcrumb","itemListElement":[{"@type":"ListItem","position":1,"name":"Home","item":"https:\/\/www.ude.edu.ar\/areacultural\/"},{"@type":"ListItem","position":2,"name":"#Proyecto Curutchet"}]},{"@type":"WebSite","@id":"https:\/\/www.ude.edu.ar\/areacultural\/#website","url":"https:\/\/www.ude.edu.ar\/areacultural\/","name":"UDE | \u00c1rea Cultural","description":"\u00c1rea Cultural de la Universidad del Este","potentialAction":[{"@type":"SearchAction","target":{"@type":"EntryPoint","urlTemplate":"https:\/\/www.ude.edu.ar\/areacultural\/?s={search_term_string}"},"query-input":"required name=search_term_string"}],"inLanguage":"es-AR"},{"@type":"Person","@id":"https:\/\/www.ude.edu.ar\/areacultural\/#\/schema\/person\/1b5e3fb142db28f2317fe6ab4363e1ba","name":"ude-admin","image":{"@type":"ImageObject","inLanguage":"es-AR","@id":"https:\/\/www.ude.edu.ar\/areacultural\/#\/schema\/person\/image\/","url":"https:\/\/www.ude.edu.ar\/areacultural\/wp-content\/uploads\/sites\/3\/2016\/04\/logo_512-96x96.jpg","contentUrl":"https:\/\/www.ude.edu.ar\/areacultural\/wp-content\/uploads\/sites\/3\/2016\/04\/logo_512-96x96.jpg","caption":"ude-admin"},"url":"https:\/\/www.ude.edu.ar\/areacultural\/author\/ude-admin\/"}]}},"_links":{"self":[{"href":"https:\/\/www.ude.edu.ar\/areacultural\/wp-json\/wp\/v2\/posts\/388"}],"collection":[{"href":"https:\/\/www.ude.edu.ar\/areacultural\/wp-json\/wp\/v2\/posts"}],"about":[{"href":"https:\/\/www.ude.edu.ar\/areacultural\/wp-json\/wp\/v2\/types\/post"}],"author":[{"embeddable":true,"href":"https:\/\/www.ude.edu.ar\/areacultural\/wp-json\/wp\/v2\/users\/2"}],"replies":[{"embeddable":true,"href":"https:\/\/www.ude.edu.ar\/areacultural\/wp-json\/wp\/v2\/comments?post=388"}],"version-history":[{"count":5,"href":"https:\/\/www.ude.edu.ar\/areacultural\/wp-json\/wp\/v2\/posts\/388\/revisions"}],"predecessor-version":[{"id":407,"href":"https:\/\/www.ude.edu.ar\/areacultural\/wp-json\/wp\/v2\/posts\/388\/revisions\/407"}],"wp:attachment":[{"href":"https:\/\/www.ude.edu.ar\/areacultural\/wp-json\/wp\/v2\/media?parent=388"}],"wp:term":[{"taxonomy":"category","embeddable":true,"href":"https:\/\/www.ude.edu.ar\/areacultural\/wp-json\/wp\/v2\/categories?post=388"},{"taxonomy":"post_tag","embeddable":true,"href":"https:\/\/www.ude.edu.ar\/areacultural\/wp-json\/wp\/v2\/tags?post=388"}],"curies":[{"name":"wp","href":"https:\/\/api.w.org\/{rel}","templated":true}]}}