{"id":1404,"date":"2023-10-10T14:01:27","date_gmt":"2023-10-10T17:01:27","guid":{"rendered":"https:\/\/www.ude.edu.ar\/areacultural\/?p=1404"},"modified":"2024-05-10T14:08:47","modified_gmt":"2024-05-10T17:08:47","slug":"articulacion-educacional-con-la-asociacion-civil-esos-locos-bajitos","status":"publish","type":"post","link":"https:\/\/www.ude.edu.ar\/areacultural\/2023\/10\/10\/articulacion-educacional-con-la-asociacion-civil-esos-locos-bajitos\/","title":{"rendered":"Articulaci\u00f3n Educacional con la Asociaci\u00f3n Civil &#8220;Esos Locos Bajitos&#8221;"},"content":{"rendered":"<p>Desde el \u00c1rea Cultural de la Universidad del Este se estableci\u00f3 un contacto con la Asociaci\u00f3n Civil &#8220;Esos Locos Bajitos&#8221; ubicada en calle 508 entre 9 y 10 s\/n, Gonnet. Esta organizaci\u00f3n se dedica al cuidado y guarda de ni\u00f1os cuya tutela permanece en estado de judicializaci\u00f3n, a la espera de familias que pudieran darle cobijo de manera permanente.<\/p>\n<p>En un primer acercamiento con los directivos de la instituci\u00f3n se prioriz\u00f3 la necesidad de que la instituci\u00f3n mencionada pudiera contar con informaci\u00f3n y orientaci\u00f3n ligada a la problem\u00e1tica que eminentemente los atraviesa. Por este motivo desde el \u00e1rea cultural se gestion\u00f3 con la Facultad de Ciencias Humanas un taller vinculado con la violencia y maltrato infantil. Dicho taller se dicta actualmente de manera virtual para todos los integrantes de la Asociaci\u00f3n Civil. La Universidad brind\u00f3 todos los insumos necesarios para el dictado del taller. Cabe destacar que la UDE posee una Diplomatura en este aspecto, la cual fue adaptada y consensuada para los participantes en cuesti\u00f3n.<\/p>\n<p><img loading=\"lazy\" decoding=\"async\" class=\"alignnone wp-image-1406 size-full\" src=\"https:\/\/www.ude.edu.ar\/areacultural\/wp-content\/uploads\/sites\/3\/2024\/05\/2023-10-23-.png\" alt=\"\" width=\"601\" height=\"351\" srcset=\"https:\/\/www.ude.edu.ar\/areacultural\/wp-content\/uploads\/sites\/3\/2024\/05\/2023-10-23-.png 601w, https:\/\/www.ude.edu.ar\/areacultural\/wp-content\/uploads\/sites\/3\/2024\/05\/2023-10-23--300x175.png 300w\" sizes=\"(max-width: 709px) 85vw, (max-width: 909px) 67vw, (max-width: 984px) 61vw, (max-width: 1362px) 45vw, 600px\" \/><\/p>\n","protected":false},"excerpt":{"rendered":"<p>Desde el \u00c1rea Cultural de la Universidad del Este se estableci\u00f3 un contacto con la Asociaci\u00f3n Civil &#8220;Esos Locos Bajitos&#8221; ubicada en calle 508 entre 9 y 10 s\/n, Gonnet. Esta organizaci\u00f3n se dedica al cuidado y guarda de ni\u00f1os cuya tutela permanece en estado de judicializaci\u00f3n, a la espera de familias que pudieran darle &hellip; <a href=\"https:\/\/www.ude.edu.ar\/areacultural\/2023\/10\/10\/articulacion-educacional-con-la-asociacion-civil-esos-locos-bajitos\/\" class=\"more-link\">Continuar leyendo<span class=\"screen-reader-text\"> &#8220;Articulaci\u00f3n Educacional con la Asociaci\u00f3n Civil &#8220;Esos Locos Bajitos&#8221;&#8221;<\/span><\/a><\/p>\n","protected":false},"author":2,"featured_media":1405,"comment_status":"closed","ping_status":"closed","sticky":false,"template":"","format":"standard","meta":{"_acf_changed":false,"footnotes":""},"categories":[14],"tags":[],"acf":[],"yoast_head":"<!-- This site is optimized with the Yoast SEO plugin v22.8 - https:\/\/yoast.com\/wordpress\/plugins\/seo\/ -->\n<title>Articulaci\u00f3n Educacional con la Asociaci\u00f3n Civil &quot;Esos Locos Bajitos&quot; - UDE | \u00c1rea Cultural<\/title>\n<meta name=\"robots\" content=\"index, follow, max-snippet:-1, max-image-preview:large, max-video-preview:-1\" \/>\n<link rel=\"canonical\" href=\"https:\/\/www.ude.edu.ar\/areacultural\/2023\/10\/10\/articulacion-educacional-con-la-asociacion-civil-esos-locos-bajitos\/\" \/>\n<meta property=\"og:locale\" content=\"es_ES\" \/>\n<meta property=\"og:type\" content=\"article\" \/>\n<meta property=\"og:title\" content=\"Articulaci\u00f3n Educacional con la Asociaci\u00f3n Civil &quot;Esos Locos Bajitos&quot; - UDE | \u00c1rea Cultural\" \/>\n<meta property=\"og:description\" content=\"Desde el \u00c1rea Cultural de la Universidad del Este se estableci\u00f3 un contacto con la Asociaci\u00f3n Civil &#8220;Esos Locos Bajitos&#8221; ubicada en calle 508 entre 9 y 10 s\/n, Gonnet. Esta organizaci\u00f3n se dedica al cuidado y guarda de ni\u00f1os cuya tutela permanece en estado de judicializaci\u00f3n, a la espera de familias que pudieran darle &hellip; Continuar leyendo &quot;Articulaci\u00f3n Educacional con la Asociaci\u00f3n Civil &#8220;Esos Locos Bajitos&#8221;&quot;\" \/>\n<meta property=\"og:url\" content=\"https:\/\/www.ude.edu.ar\/areacultural\/2023\/10\/10\/articulacion-educacional-con-la-asociacion-civil-esos-locos-bajitos\/\" \/>\n<meta property=\"og:site_name\" content=\"UDE | \u00c1rea Cultural\" \/>\n<meta property=\"article:published_time\" content=\"2023-10-10T17:01:27+00:00\" \/>\n<meta property=\"article:modified_time\" content=\"2024-05-10T17:08:47+00:00\" \/>\n<meta property=\"og:image\" content=\"https:\/\/www.ude.edu.ar\/areacultural\/wp-content\/uploads\/sites\/3\/2024\/05\/2023-10-23.png\" \/>\n\t<meta property=\"og:image:width\" content=\"851\" \/>\n\t<meta property=\"og:image:height\" content=\"251\" \/>\n\t<meta property=\"og:image:type\" content=\"image\/png\" \/>\n<meta name=\"author\" content=\"ude-admin\" \/>\n<meta name=\"twitter:card\" content=\"summary_large_image\" \/>\n<meta name=\"twitter:label1\" content=\"Escrito por\" \/>\n\t<meta name=\"twitter:data1\" content=\"ude-admin\" \/>\n\t<meta name=\"twitter:label2\" content=\"Tiempo de lectura\" \/>\n\t<meta name=\"twitter:data2\" content=\"1 minuto\" \/>\n<script type=\"application\/ld+json\" class=\"yoast-schema-graph\">{\"@context\":\"https:\/\/schema.org\",\"@graph\":[{\"@type\":\"WebPage\",\"@id\":\"https:\/\/www.ude.edu.ar\/areacultural\/2023\/10\/10\/articulacion-educacional-con-la-asociacion-civil-esos-locos-bajitos\/\",\"url\":\"https:\/\/www.ude.edu.ar\/areacultural\/2023\/10\/10\/articulacion-educacional-con-la-asociacion-civil-esos-locos-bajitos\/\",\"name\":\"Articulaci\u00f3n Educacional con la Asociaci\u00f3n Civil \\\"Esos Locos Bajitos\\\" - UDE | \u00c1rea Cultural\",\"isPartOf\":{\"@id\":\"https:\/\/www.ude.edu.ar\/areacultural\/#website\"},\"primaryImageOfPage\":{\"@id\":\"https:\/\/www.ude.edu.ar\/areacultural\/2023\/10\/10\/articulacion-educacional-con-la-asociacion-civil-esos-locos-bajitos\/#primaryimage\"},\"image\":{\"@id\":\"https:\/\/www.ude.edu.ar\/areacultural\/2023\/10\/10\/articulacion-educacional-con-la-asociacion-civil-esos-locos-bajitos\/#primaryimage\"},\"thumbnailUrl\":\"https:\/\/www.ude.edu.ar\/areacultural\/wp-content\/uploads\/sites\/3\/2024\/05\/2023-10-23.png\",\"datePublished\":\"2023-10-10T17:01:27+00:00\",\"dateModified\":\"2024-05-10T17:08:47+00:00\",\"author\":{\"@id\":\"https:\/\/www.ude.edu.ar\/areacultural\/#\/schema\/person\/1b5e3fb142db28f2317fe6ab4363e1ba\"},\"breadcrumb\":{\"@id\":\"https:\/\/www.ude.edu.ar\/areacultural\/2023\/10\/10\/articulacion-educacional-con-la-asociacion-civil-esos-locos-bajitos\/#breadcrumb\"},\"inLanguage\":\"es-AR\",\"potentialAction\":[{\"@type\":\"ReadAction\",\"target\":[\"https:\/\/www.ude.edu.ar\/areacultural\/2023\/10\/10\/articulacion-educacional-con-la-asociacion-civil-esos-locos-bajitos\/\"]}]},{\"@type\":\"ImageObject\",\"inLanguage\":\"es-AR\",\"@id\":\"https:\/\/www.ude.edu.ar\/areacultural\/2023\/10\/10\/articulacion-educacional-con-la-asociacion-civil-esos-locos-bajitos\/#primaryimage\",\"url\":\"https:\/\/www.ude.edu.ar\/areacultural\/wp-content\/uploads\/sites\/3\/2024\/05\/2023-10-23.png\",\"contentUrl\":\"https:\/\/www.ude.edu.ar\/areacultural\/wp-content\/uploads\/sites\/3\/2024\/05\/2023-10-23.png\",\"width\":851,\"height\":251},{\"@type\":\"BreadcrumbList\",\"@id\":\"https:\/\/www.ude.edu.ar\/areacultural\/2023\/10\/10\/articulacion-educacional-con-la-asociacion-civil-esos-locos-bajitos\/#breadcrumb\",\"itemListElement\":[{\"@type\":\"ListItem\",\"position\":1,\"name\":\"Home\",\"item\":\"https:\/\/www.ude.edu.ar\/areacultural\/\"},{\"@type\":\"ListItem\",\"position\":2,\"name\":\"Articulaci\u00f3n Educacional con la Asociaci\u00f3n Civil &#8220;Esos Locos Bajitos&#8221;\"}]},{\"@type\":\"WebSite\",\"@id\":\"https:\/\/www.ude.edu.ar\/areacultural\/#website\",\"url\":\"https:\/\/www.ude.edu.ar\/areacultural\/\",\"name\":\"UDE | \u00c1rea Cultural\",\"description\":\"\u00c1rea Cultural de la Universidad del Este\",\"potentialAction\":[{\"@type\":\"SearchAction\",\"target\":{\"@type\":\"EntryPoint\",\"urlTemplate\":\"https:\/\/www.ude.edu.ar\/areacultural\/?s={search_term_string}\"},\"query-input\":\"required name=search_term_string\"}],\"inLanguage\":\"es-AR\"},{\"@type\":\"Person\",\"@id\":\"https:\/\/www.ude.edu.ar\/areacultural\/#\/schema\/person\/1b5e3fb142db28f2317fe6ab4363e1ba\",\"name\":\"ude-admin\",\"image\":{\"@type\":\"ImageObject\",\"inLanguage\":\"es-AR\",\"@id\":\"https:\/\/www.ude.edu.ar\/areacultural\/#\/schema\/person\/image\/\",\"url\":\"https:\/\/www.ude.edu.ar\/areacultural\/wp-content\/uploads\/sites\/3\/2016\/04\/logo_512-96x96.jpg\",\"contentUrl\":\"https:\/\/www.ude.edu.ar\/areacultural\/wp-content\/uploads\/sites\/3\/2016\/04\/logo_512-96x96.jpg\",\"caption\":\"ude-admin\"},\"url\":\"https:\/\/www.ude.edu.ar\/areacultural\/author\/ude-admin\/\"}]}<\/script>\n<!-- \/ Yoast SEO plugin. -->","yoast_head_json":{"title":"Articulaci\u00f3n Educacional con la Asociaci\u00f3n Civil \"Esos Locos Bajitos\" - UDE | \u00c1rea Cultural","robots":{"index":"index","follow":"follow","max-snippet":"max-snippet:-1","max-image-preview":"max-image-preview:large","max-video-preview":"max-video-preview:-1"},"canonical":"https:\/\/www.ude.edu.ar\/areacultural\/2023\/10\/10\/articulacion-educacional-con-la-asociacion-civil-esos-locos-bajitos\/","og_locale":"es_ES","og_type":"article","og_title":"Articulaci\u00f3n Educacional con la Asociaci\u00f3n Civil \"Esos Locos Bajitos\" - UDE | \u00c1rea Cultural","og_description":"Desde el \u00c1rea Cultural de la Universidad del Este se estableci\u00f3 un contacto con la Asociaci\u00f3n Civil &#8220;Esos Locos Bajitos&#8221; ubicada en calle 508 entre 9 y 10 s\/n, Gonnet. Esta organizaci\u00f3n se dedica al cuidado y guarda de ni\u00f1os cuya tutela permanece en estado de judicializaci\u00f3n, a la espera de familias que pudieran darle &hellip; Continuar leyendo \"Articulaci\u00f3n Educacional con la Asociaci\u00f3n Civil &#8220;Esos Locos Bajitos&#8221;\"","og_url":"https:\/\/www.ude.edu.ar\/areacultural\/2023\/10\/10\/articulacion-educacional-con-la-asociacion-civil-esos-locos-bajitos\/","og_site_name":"UDE | \u00c1rea Cultural","article_published_time":"2023-10-10T17:01:27+00:00","article_modified_time":"2024-05-10T17:08:47+00:00","og_image":[{"width":851,"height":251,"url":"https:\/\/www.ude.edu.ar\/areacultural\/wp-content\/uploads\/sites\/3\/2024\/05\/2023-10-23.png","type":"image\/png"}],"author":"ude-admin","twitter_card":"summary_large_image","twitter_misc":{"Escrito por":"ude-admin","Tiempo de lectura":"1 minuto"},"schema":{"@context":"https:\/\/schema.org","@graph":[{"@type":"WebPage","@id":"https:\/\/www.ude.edu.ar\/areacultural\/2023\/10\/10\/articulacion-educacional-con-la-asociacion-civil-esos-locos-bajitos\/","url":"https:\/\/www.ude.edu.ar\/areacultural\/2023\/10\/10\/articulacion-educacional-con-la-asociacion-civil-esos-locos-bajitos\/","name":"Articulaci\u00f3n Educacional con la Asociaci\u00f3n Civil \"Esos Locos Bajitos\" - UDE | \u00c1rea Cultural","isPartOf":{"@id":"https:\/\/www.ude.edu.ar\/areacultural\/#website"},"primaryImageOfPage":{"@id":"https:\/\/www.ude.edu.ar\/areacultural\/2023\/10\/10\/articulacion-educacional-con-la-asociacion-civil-esos-locos-bajitos\/#primaryimage"},"image":{"@id":"https:\/\/www.ude.edu.ar\/areacultural\/2023\/10\/10\/articulacion-educacional-con-la-asociacion-civil-esos-locos-bajitos\/#primaryimage"},"thumbnailUrl":"https:\/\/www.ude.edu.ar\/areacultural\/wp-content\/uploads\/sites\/3\/2024\/05\/2023-10-23.png","datePublished":"2023-10-10T17:01:27+00:00","dateModified":"2024-05-10T17:08:47+00:00","author":{"@id":"https:\/\/www.ude.edu.ar\/areacultural\/#\/schema\/person\/1b5e3fb142db28f2317fe6ab4363e1ba"},"breadcrumb":{"@id":"https:\/\/www.ude.edu.ar\/areacultural\/2023\/10\/10\/articulacion-educacional-con-la-asociacion-civil-esos-locos-bajitos\/#breadcrumb"},"inLanguage":"es-AR","potentialAction":[{"@type":"ReadAction","target":["https:\/\/www.ude.edu.ar\/areacultural\/2023\/10\/10\/articulacion-educacional-con-la-asociacion-civil-esos-locos-bajitos\/"]}]},{"@type":"ImageObject","inLanguage":"es-AR","@id":"https:\/\/www.ude.edu.ar\/areacultural\/2023\/10\/10\/articulacion-educacional-con-la-asociacion-civil-esos-locos-bajitos\/#primaryimage","url":"https:\/\/www.ude.edu.ar\/areacultural\/wp-content\/uploads\/sites\/3\/2024\/05\/2023-10-23.png","contentUrl":"https:\/\/www.ude.edu.ar\/areacultural\/wp-content\/uploads\/sites\/3\/2024\/05\/2023-10-23.png","width":851,"height":251},{"@type":"BreadcrumbList","@id":"https:\/\/www.ude.edu.ar\/areacultural\/2023\/10\/10\/articulacion-educacional-con-la-asociacion-civil-esos-locos-bajitos\/#breadcrumb","itemListElement":[{"@type":"ListItem","position":1,"name":"Home","item":"https:\/\/www.ude.edu.ar\/areacultural\/"},{"@type":"ListItem","position":2,"name":"Articulaci\u00f3n Educacional con la Asociaci\u00f3n Civil &#8220;Esos Locos Bajitos&#8221;"}]},{"@type":"WebSite","@id":"https:\/\/www.ude.edu.ar\/areacultural\/#website","url":"https:\/\/www.ude.edu.ar\/areacultural\/","name":"UDE | \u00c1rea Cultural","description":"\u00c1rea Cultural de la Universidad del Este","potentialAction":[{"@type":"SearchAction","target":{"@type":"EntryPoint","urlTemplate":"https:\/\/www.ude.edu.ar\/areacultural\/?s={search_term_string}"},"query-input":"required name=search_term_string"}],"inLanguage":"es-AR"},{"@type":"Person","@id":"https:\/\/www.ude.edu.ar\/areacultural\/#\/schema\/person\/1b5e3fb142db28f2317fe6ab4363e1ba","name":"ude-admin","image":{"@type":"ImageObject","inLanguage":"es-AR","@id":"https:\/\/www.ude.edu.ar\/areacultural\/#\/schema\/person\/image\/","url":"https:\/\/www.ude.edu.ar\/areacultural\/wp-content\/uploads\/sites\/3\/2016\/04\/logo_512-96x96.jpg","contentUrl":"https:\/\/www.ude.edu.ar\/areacultural\/wp-content\/uploads\/sites\/3\/2016\/04\/logo_512-96x96.jpg","caption":"ude-admin"},"url":"https:\/\/www.ude.edu.ar\/areacultural\/author\/ude-admin\/"}]}},"_links":{"self":[{"href":"https:\/\/www.ude.edu.ar\/areacultural\/wp-json\/wp\/v2\/posts\/1404"}],"collection":[{"href":"https:\/\/www.ude.edu.ar\/areacultural\/wp-json\/wp\/v2\/posts"}],"about":[{"href":"https:\/\/www.ude.edu.ar\/areacultural\/wp-json\/wp\/v2\/types\/post"}],"author":[{"embeddable":true,"href":"https:\/\/www.ude.edu.ar\/areacultural\/wp-json\/wp\/v2\/users\/2"}],"replies":[{"embeddable":true,"href":"https:\/\/www.ude.edu.ar\/areacultural\/wp-json\/wp\/v2\/comments?post=1404"}],"version-history":[{"count":1,"href":"https:\/\/www.ude.edu.ar\/areacultural\/wp-json\/wp\/v2\/posts\/1404\/revisions"}],"predecessor-version":[{"id":1407,"href":"https:\/\/www.ude.edu.ar\/areacultural\/wp-json\/wp\/v2\/posts\/1404\/revisions\/1407"}],"wp:featuredmedia":[{"embeddable":true,"href":"https:\/\/www.ude.edu.ar\/areacultural\/wp-json\/wp\/v2\/media\/1405"}],"wp:attachment":[{"href":"https:\/\/www.ude.edu.ar\/areacultural\/wp-json\/wp\/v2\/media?parent=1404"}],"wp:term":[{"taxonomy":"category","embeddable":true,"href":"https:\/\/www.ude.edu.ar\/areacultural\/wp-json\/wp\/v2\/categories?post=1404"},{"taxonomy":"post_tag","embeddable":true,"href":"https:\/\/www.ude.edu.ar\/areacultural\/wp-json\/wp\/v2\/tags?post=1404"}],"curies":[{"name":"wp","href":"https:\/\/api.w.org\/{rel}","templated":true}]}}