{"id":1359,"date":"2023-05-31T12:48:57","date_gmt":"2023-05-31T15:48:57","guid":{"rendered":"https:\/\/www.ude.edu.ar\/areacultural\/?p=1359"},"modified":"2024-05-10T12:57:41","modified_gmt":"2024-05-10T15:57:41","slug":"muestra-fotografica-un-viaje-autodidacta","status":"publish","type":"post","link":"https:\/\/www.ude.edu.ar\/areacultural\/2023\/05\/31\/muestra-fotografica-un-viaje-autodidacta\/","title":{"rendered":"Muestra fotogr\u00e1fica &#8220;Un viaje autodidacta&#8221;"},"content":{"rendered":"<p data-pm-slice=\"1 1 []\">Una oportunidad para apreciar la belleza de la fotograf\u00eda y para conocer el trabajo de artistas de nuestra ciudad.<\/p>\n<p>La exposici\u00f3n estuvo a cargo del<strong> artista Lucas Gonaldi<\/strong>. La misma fue acompa\u00f1ada por allegados del expositor, estudiantes y profesores de la UDE.<\/p>\n<h5><strong>En palabras del autor, Lucas Gonaldi<\/strong><\/h5>\n<blockquote><p>&#8220;Esta exposici\u00f3n presenta una colecci\u00f3n de im\u00e1genes que abarcan una amplia gama de temas y estilos, y a su vez reflejan la versatilidad y los distintos caminos que he recorrido por mi experiencia con la c\u00e1mara.<\/p>\n<p>La muestra presenta una variedad desde retratos expresivos hasta paisajes cautivadores, pasando por fotograf\u00eda callejera vibrante y capturas espont\u00e1neas de la vida cotidiana. Cada imagen transmite una historia e intenta evocar emociones en el espectador, dejando una impresi\u00f3n duradera en la mente y el coraz\u00f3n.<\/p>\n<p>Esta diversidad de enfoques y la habilidad para explorar diferentes estilos y tem\u00e1ticas buscan la libertad creativa. Una visi\u00f3n distinta para capturar momentos fugaces y detalles \u00fanicos. Buscando resaltar la belleza intr\u00ednseca de cada sujeto y lugar.<\/p>\n<p>En conclusi\u00f3n, la presente exposici\u00f3n es el resultado de lo que fue una experiencia sublime. Cada imagen habla de la pasi\u00f3n, la creatividad y el compromiso con el arte.<\/p>\n<p>Esta galer\u00eda nos recuerda la importancia de la diversidad en la fotograf\u00eda y c\u00f3mo lo autodidacta puede abrir puertas a la innovaci\u00f3n y la expresi\u00f3n art\u00edstica sin l\u00edmites predefinidos.&#8221;<\/p><\/blockquote>\n<p><img loading=\"lazy\" decoding=\"async\" class=\"alignnone wp-image-1362 size-full\" src=\"https:\/\/www.ude.edu.ar\/areacultural\/wp-content\/uploads\/sites\/3\/2024\/05\/2023-05-31-.png\" alt=\"\" width=\"601\" height=\"351\" srcset=\"https:\/\/www.ude.edu.ar\/areacultural\/wp-content\/uploads\/sites\/3\/2024\/05\/2023-05-31-.png 601w, https:\/\/www.ude.edu.ar\/areacultural\/wp-content\/uploads\/sites\/3\/2024\/05\/2023-05-31--300x175.png 300w\" sizes=\"(max-width: 709px) 85vw, (max-width: 909px) 67vw, (max-width: 984px) 61vw, (max-width: 1362px) 45vw, 600px\" \/><\/p>\n<div data-carousel-extra='{\"blog_id\":3,\"permalink\":\"https:\\\/\\\/www.ude.edu.ar\\\/areacultural\\\/2023\\\/05\\\/31\\\/muestra-fotografica-un-viaje-autodidacta\\\/\",\"likes_blog_id\":false}' id='gallery-1' class='gallery galleryid-1359 gallery-columns-3 gallery-size-thumbnail'><figure class='gallery-item'>\n\t\t\t<div class='gallery-icon portrait'>\n\t\t\t\t<a href='https:\/\/www.ude.edu.ar\/areacultural\/wp-content\/uploads\/sites\/3\/2024\/05\/Foto-04.png' title=\"\" data-rl_title=\"\" class=\"rl-gallery-link\" data-rl_caption=\"\" data-rel=\"lightbox-gallery-1\"><img loading=\"lazy\" decoding=\"async\" width=\"150\" height=\"150\" src=\"https:\/\/www.ude.edu.ar\/areacultural\/wp-content\/uploads\/sites\/3\/2024\/05\/Foto-04-150x150.png\" class=\"attachment-thumbnail size-thumbnail\" alt=\"\" data-attachment-id=\"1363\" data-orig-file=\"https:\/\/www.ude.edu.ar\/areacultural\/wp-content\/uploads\/sites\/3\/2024\/05\/Foto-04.png\" data-orig-size=\"1081,1350\" data-comments-opened=\"0\" data-image-meta=\"{&quot;aperture&quot;:&quot;0&quot;,&quot;credit&quot;:&quot;&quot;,&quot;camera&quot;:&quot;&quot;,&quot;caption&quot;:&quot;&quot;,&quot;created_timestamp&quot;:&quot;0&quot;,&quot;copyright&quot;:&quot;&quot;,&quot;focal_length&quot;:&quot;0&quot;,&quot;iso&quot;:&quot;0&quot;,&quot;shutter_speed&quot;:&quot;0&quot;,&quot;title&quot;:&quot;&quot;,&quot;orientation&quot;:&quot;0&quot;,&quot;keywords&quot;:&quot;Array&quot;}\" data-image-title=\"Foto-04\" data-image-description=\"\" data-medium-file=\"https:\/\/www.ude.edu.ar\/areacultural\/wp-content\/uploads\/sites\/3\/2024\/05\/Foto-04-240x300.png\" data-large-file=\"https:\/\/www.ude.edu.ar\/areacultural\/wp-content\/uploads\/sites\/3\/2024\/05\/Foto-04-820x1024.png\" \/><\/a>\n\t\t\t<\/div><\/figure><figure class='gallery-item'>\n\t\t\t<div class='gallery-icon portrait'>\n\t\t\t\t<a href='https:\/\/www.ude.edu.ar\/areacultural\/wp-content\/uploads\/sites\/3\/2024\/05\/Foto-01.png' title=\"\" data-rl_title=\"\" class=\"rl-gallery-link\" data-rl_caption=\"\" data-rel=\"lightbox-gallery-1\"><img loading=\"lazy\" decoding=\"async\" width=\"150\" height=\"150\" src=\"https:\/\/www.ude.edu.ar\/areacultural\/wp-content\/uploads\/sites\/3\/2024\/05\/Foto-01-150x150.png\" class=\"attachment-thumbnail size-thumbnail\" alt=\"\" data-attachment-id=\"1364\" data-orig-file=\"https:\/\/www.ude.edu.ar\/areacultural\/wp-content\/uploads\/sites\/3\/2024\/05\/Foto-01.png\" data-orig-size=\"1080,1350\" data-comments-opened=\"0\" data-image-meta=\"{&quot;aperture&quot;:&quot;0&quot;,&quot;credit&quot;:&quot;&quot;,&quot;camera&quot;:&quot;&quot;,&quot;caption&quot;:&quot;&quot;,&quot;created_timestamp&quot;:&quot;0&quot;,&quot;copyright&quot;:&quot;&quot;,&quot;focal_length&quot;:&quot;0&quot;,&quot;iso&quot;:&quot;0&quot;,&quot;shutter_speed&quot;:&quot;0&quot;,&quot;title&quot;:&quot;&quot;,&quot;orientation&quot;:&quot;0&quot;,&quot;keywords&quot;:&quot;Array&quot;}\" data-image-title=\"Foto-01\" data-image-description=\"\" data-medium-file=\"https:\/\/www.ude.edu.ar\/areacultural\/wp-content\/uploads\/sites\/3\/2024\/05\/Foto-01-240x300.png\" data-large-file=\"https:\/\/www.ude.edu.ar\/areacultural\/wp-content\/uploads\/sites\/3\/2024\/05\/Foto-01-819x1024.png\" \/><\/a>\n\t\t\t<\/div><\/figure><figure class='gallery-item'>\n\t\t\t<div class='gallery-icon portrait'>\n\t\t\t\t<a href='https:\/\/www.ude.edu.ar\/areacultural\/wp-content\/uploads\/sites\/3\/2024\/05\/Foto-02.png' title=\"\" data-rl_title=\"\" class=\"rl-gallery-link\" data-rl_caption=\"\" data-rel=\"lightbox-gallery-1\"><img loading=\"lazy\" decoding=\"async\" width=\"150\" height=\"150\" src=\"https:\/\/www.ude.edu.ar\/areacultural\/wp-content\/uploads\/sites\/3\/2024\/05\/Foto-02-150x150.png\" class=\"attachment-thumbnail size-thumbnail\" alt=\"\" data-attachment-id=\"1365\" data-orig-file=\"https:\/\/www.ude.edu.ar\/areacultural\/wp-content\/uploads\/sites\/3\/2024\/05\/Foto-02.png\" data-orig-size=\"1081,1350\" data-comments-opened=\"0\" data-image-meta=\"{&quot;aperture&quot;:&quot;0&quot;,&quot;credit&quot;:&quot;&quot;,&quot;camera&quot;:&quot;&quot;,&quot;caption&quot;:&quot;&quot;,&quot;created_timestamp&quot;:&quot;0&quot;,&quot;copyright&quot;:&quot;&quot;,&quot;focal_length&quot;:&quot;0&quot;,&quot;iso&quot;:&quot;0&quot;,&quot;shutter_speed&quot;:&quot;0&quot;,&quot;title&quot;:&quot;&quot;,&quot;orientation&quot;:&quot;0&quot;,&quot;keywords&quot;:&quot;Array&quot;}\" data-image-title=\"Foto-02\" data-image-description=\"\" data-medium-file=\"https:\/\/www.ude.edu.ar\/areacultural\/wp-content\/uploads\/sites\/3\/2024\/05\/Foto-02-240x300.png\" data-large-file=\"https:\/\/www.ude.edu.ar\/areacultural\/wp-content\/uploads\/sites\/3\/2024\/05\/Foto-02-820x1024.png\" \/><\/a>\n\t\t\t<\/div><\/figure><figure class='gallery-item'>\n\t\t\t<div class='gallery-icon portrait'>\n\t\t\t\t<a href='https:\/\/www.ude.edu.ar\/areacultural\/wp-content\/uploads\/sites\/3\/2024\/05\/Foto-06.png' title=\"\" data-rl_title=\"\" class=\"rl-gallery-link\" data-rl_caption=\"\" data-rel=\"lightbox-gallery-1\"><img loading=\"lazy\" decoding=\"async\" width=\"150\" height=\"150\" src=\"https:\/\/www.ude.edu.ar\/areacultural\/wp-content\/uploads\/sites\/3\/2024\/05\/Foto-06-150x150.png\" class=\"attachment-thumbnail size-thumbnail\" alt=\"\" data-attachment-id=\"1366\" data-orig-file=\"https:\/\/www.ude.edu.ar\/areacultural\/wp-content\/uploads\/sites\/3\/2024\/05\/Foto-06.png\" data-orig-size=\"1081,1350\" data-comments-opened=\"0\" data-image-meta=\"{&quot;aperture&quot;:&quot;0&quot;,&quot;credit&quot;:&quot;&quot;,&quot;camera&quot;:&quot;&quot;,&quot;caption&quot;:&quot;&quot;,&quot;created_timestamp&quot;:&quot;0&quot;,&quot;copyright&quot;:&quot;&quot;,&quot;focal_length&quot;:&quot;0&quot;,&quot;iso&quot;:&quot;0&quot;,&quot;shutter_speed&quot;:&quot;0&quot;,&quot;title&quot;:&quot;&quot;,&quot;orientation&quot;:&quot;0&quot;,&quot;keywords&quot;:&quot;Array&quot;}\" data-image-title=\"Foto-06\" data-image-description=\"\" data-medium-file=\"https:\/\/www.ude.edu.ar\/areacultural\/wp-content\/uploads\/sites\/3\/2024\/05\/Foto-06-240x300.png\" data-large-file=\"https:\/\/www.ude.edu.ar\/areacultural\/wp-content\/uploads\/sites\/3\/2024\/05\/Foto-06-820x1024.png\" \/><\/a>\n\t\t\t<\/div><\/figure><figure class='gallery-item'>\n\t\t\t<div class='gallery-icon portrait'>\n\t\t\t\t<a href='https:\/\/www.ude.edu.ar\/areacultural\/wp-content\/uploads\/sites\/3\/2024\/05\/Foto-03.png' title=\"\" data-rl_title=\"\" class=\"rl-gallery-link\" data-rl_caption=\"\" data-rel=\"lightbox-gallery-1\"><img loading=\"lazy\" decoding=\"async\" width=\"150\" height=\"150\" src=\"https:\/\/www.ude.edu.ar\/areacultural\/wp-content\/uploads\/sites\/3\/2024\/05\/Foto-03-150x150.png\" class=\"attachment-thumbnail size-thumbnail\" alt=\"\" data-attachment-id=\"1367\" data-orig-file=\"https:\/\/www.ude.edu.ar\/areacultural\/wp-content\/uploads\/sites\/3\/2024\/05\/Foto-03.png\" data-orig-size=\"1081,1350\" data-comments-opened=\"0\" data-image-meta=\"{&quot;aperture&quot;:&quot;0&quot;,&quot;credit&quot;:&quot;&quot;,&quot;camera&quot;:&quot;&quot;,&quot;caption&quot;:&quot;&quot;,&quot;created_timestamp&quot;:&quot;0&quot;,&quot;copyright&quot;:&quot;&quot;,&quot;focal_length&quot;:&quot;0&quot;,&quot;iso&quot;:&quot;0&quot;,&quot;shutter_speed&quot;:&quot;0&quot;,&quot;title&quot;:&quot;&quot;,&quot;orientation&quot;:&quot;0&quot;,&quot;keywords&quot;:&quot;Array&quot;}\" data-image-title=\"Foto-03\" data-image-description=\"\" data-medium-file=\"https:\/\/www.ude.edu.ar\/areacultural\/wp-content\/uploads\/sites\/3\/2024\/05\/Foto-03-240x300.png\" data-large-file=\"https:\/\/www.ude.edu.ar\/areacultural\/wp-content\/uploads\/sites\/3\/2024\/05\/Foto-03-820x1024.png\" \/><\/a>\n\t\t\t<\/div><\/figure><figure class='gallery-item'>\n\t\t\t<div class='gallery-icon portrait'>\n\t\t\t\t<a href='https:\/\/www.ude.edu.ar\/areacultural\/wp-content\/uploads\/sites\/3\/2024\/05\/Foto-05.png' title=\"\" data-rl_title=\"\" class=\"rl-gallery-link\" data-rl_caption=\"\" data-rel=\"lightbox-gallery-1\"><img loading=\"lazy\" decoding=\"async\" width=\"150\" height=\"150\" src=\"https:\/\/www.ude.edu.ar\/areacultural\/wp-content\/uploads\/sites\/3\/2024\/05\/Foto-05-150x150.png\" class=\"attachment-thumbnail size-thumbnail\" alt=\"\" data-attachment-id=\"1368\" data-orig-file=\"https:\/\/www.ude.edu.ar\/areacultural\/wp-content\/uploads\/sites\/3\/2024\/05\/Foto-05.png\" data-orig-size=\"1081,1350\" data-comments-opened=\"0\" data-image-meta=\"{&quot;aperture&quot;:&quot;0&quot;,&quot;credit&quot;:&quot;&quot;,&quot;camera&quot;:&quot;&quot;,&quot;caption&quot;:&quot;&quot;,&quot;created_timestamp&quot;:&quot;0&quot;,&quot;copyright&quot;:&quot;&quot;,&quot;focal_length&quot;:&quot;0&quot;,&quot;iso&quot;:&quot;0&quot;,&quot;shutter_speed&quot;:&quot;0&quot;,&quot;title&quot;:&quot;&quot;,&quot;orientation&quot;:&quot;0&quot;,&quot;keywords&quot;:&quot;Array&quot;}\" data-image-title=\"Foto-05\" data-image-description=\"\" data-medium-file=\"https:\/\/www.ude.edu.ar\/areacultural\/wp-content\/uploads\/sites\/3\/2024\/05\/Foto-05-240x300.png\" data-large-file=\"https:\/\/www.ude.edu.ar\/areacultural\/wp-content\/uploads\/sites\/3\/2024\/05\/Foto-05-820x1024.png\" \/><\/a>\n\t\t\t<\/div><\/figure>\n\t\t<\/div>\n\n<p>31<\/p>\n","protected":false},"excerpt":{"rendered":"<p>Una oportunidad para apreciar la belleza de la fotograf\u00eda y para conocer el trabajo de artistas de nuestra ciudad. La exposici\u00f3n estuvo a cargo del artista Lucas Gonaldi. La misma fue acompa\u00f1ada por allegados del expositor, estudiantes y profesores de la UDE. En palabras del autor, Lucas Gonaldi &#8220;Esta exposici\u00f3n presenta una colecci\u00f3n de im\u00e1genes &hellip; <a href=\"https:\/\/www.ude.edu.ar\/areacultural\/2023\/05\/31\/muestra-fotografica-un-viaje-autodidacta\/\" class=\"more-link\">Continuar leyendo<span class=\"screen-reader-text\"> &#8220;Muestra fotogr\u00e1fica &#8220;Un viaje autodidacta&#8221;&#8221;<\/span><\/a><\/p>\n","protected":false},"author":2,"featured_media":1361,"comment_status":"closed","ping_status":"closed","sticky":false,"template":"","format":"standard","meta":{"_acf_changed":false,"footnotes":""},"categories":[1],"tags":[],"acf":[],"yoast_head":"<!-- This site is optimized with the Yoast SEO plugin v22.8 - https:\/\/yoast.com\/wordpress\/plugins\/seo\/ -->\n<title>Muestra fotogr\u00e1fica &quot;Un viaje autodidacta&quot; - UDE | \u00c1rea Cultural<\/title>\n<meta name=\"robots\" content=\"index, follow, max-snippet:-1, max-image-preview:large, max-video-preview:-1\" \/>\n<link rel=\"canonical\" href=\"https:\/\/www.ude.edu.ar\/areacultural\/2023\/05\/31\/muestra-fotografica-un-viaje-autodidacta\/\" \/>\n<meta property=\"og:locale\" content=\"es_ES\" \/>\n<meta property=\"og:type\" content=\"article\" \/>\n<meta property=\"og:title\" content=\"Muestra fotogr\u00e1fica &quot;Un viaje autodidacta&quot; - UDE | \u00c1rea Cultural\" \/>\n<meta property=\"og:description\" content=\"Una oportunidad para apreciar la belleza de la fotograf\u00eda y para conocer el trabajo de artistas de nuestra ciudad. La exposici\u00f3n estuvo a cargo del artista Lucas Gonaldi. La misma fue acompa\u00f1ada por allegados del expositor, estudiantes y profesores de la UDE. En palabras del autor, Lucas Gonaldi &#8220;Esta exposici\u00f3n presenta una colecci\u00f3n de im\u00e1genes &hellip; Continuar leyendo &quot;Muestra fotogr\u00e1fica &#8220;Un viaje autodidacta&#8221;&quot;\" \/>\n<meta property=\"og:url\" content=\"https:\/\/www.ude.edu.ar\/areacultural\/2023\/05\/31\/muestra-fotografica-un-viaje-autodidacta\/\" \/>\n<meta property=\"og:site_name\" content=\"UDE | \u00c1rea Cultural\" \/>\n<meta property=\"article:published_time\" content=\"2023-05-31T15:48:57+00:00\" \/>\n<meta property=\"article:modified_time\" content=\"2024-05-10T15:57:41+00:00\" \/>\n<meta property=\"og:image\" content=\"https:\/\/www.ude.edu.ar\/areacultural\/wp-content\/uploads\/sites\/3\/2024\/05\/2023-05-31.png\" \/>\n\t<meta property=\"og:image:width\" content=\"851\" \/>\n\t<meta property=\"og:image:height\" content=\"251\" \/>\n\t<meta property=\"og:image:type\" content=\"image\/png\" \/>\n<meta name=\"author\" content=\"ude-admin\" \/>\n<meta name=\"twitter:card\" content=\"summary_large_image\" \/>\n<meta name=\"twitter:label1\" content=\"Escrito por\" \/>\n\t<meta name=\"twitter:data1\" content=\"ude-admin\" \/>\n\t<meta name=\"twitter:label2\" content=\"Tiempo de lectura\" \/>\n\t<meta name=\"twitter:data2\" content=\"1 minuto\" \/>\n<script type=\"application\/ld+json\" class=\"yoast-schema-graph\">{\"@context\":\"https:\/\/schema.org\",\"@graph\":[{\"@type\":\"WebPage\",\"@id\":\"https:\/\/www.ude.edu.ar\/areacultural\/2023\/05\/31\/muestra-fotografica-un-viaje-autodidacta\/\",\"url\":\"https:\/\/www.ude.edu.ar\/areacultural\/2023\/05\/31\/muestra-fotografica-un-viaje-autodidacta\/\",\"name\":\"Muestra fotogr\u00e1fica \\\"Un viaje autodidacta\\\" - UDE | \u00c1rea Cultural\",\"isPartOf\":{\"@id\":\"https:\/\/www.ude.edu.ar\/areacultural\/#website\"},\"primaryImageOfPage\":{\"@id\":\"https:\/\/www.ude.edu.ar\/areacultural\/2023\/05\/31\/muestra-fotografica-un-viaje-autodidacta\/#primaryimage\"},\"image\":{\"@id\":\"https:\/\/www.ude.edu.ar\/areacultural\/2023\/05\/31\/muestra-fotografica-un-viaje-autodidacta\/#primaryimage\"},\"thumbnailUrl\":\"https:\/\/www.ude.edu.ar\/areacultural\/wp-content\/uploads\/sites\/3\/2024\/05\/2023-05-31.png\",\"datePublished\":\"2023-05-31T15:48:57+00:00\",\"dateModified\":\"2024-05-10T15:57:41+00:00\",\"author\":{\"@id\":\"https:\/\/www.ude.edu.ar\/areacultural\/#\/schema\/person\/1b5e3fb142db28f2317fe6ab4363e1ba\"},\"breadcrumb\":{\"@id\":\"https:\/\/www.ude.edu.ar\/areacultural\/2023\/05\/31\/muestra-fotografica-un-viaje-autodidacta\/#breadcrumb\"},\"inLanguage\":\"es-AR\",\"potentialAction\":[{\"@type\":\"ReadAction\",\"target\":[\"https:\/\/www.ude.edu.ar\/areacultural\/2023\/05\/31\/muestra-fotografica-un-viaje-autodidacta\/\"]}]},{\"@type\":\"ImageObject\",\"inLanguage\":\"es-AR\",\"@id\":\"https:\/\/www.ude.edu.ar\/areacultural\/2023\/05\/31\/muestra-fotografica-un-viaje-autodidacta\/#primaryimage\",\"url\":\"https:\/\/www.ude.edu.ar\/areacultural\/wp-content\/uploads\/sites\/3\/2024\/05\/2023-05-31.png\",\"contentUrl\":\"https:\/\/www.ude.edu.ar\/areacultural\/wp-content\/uploads\/sites\/3\/2024\/05\/2023-05-31.png\",\"width\":851,\"height\":251},{\"@type\":\"BreadcrumbList\",\"@id\":\"https:\/\/www.ude.edu.ar\/areacultural\/2023\/05\/31\/muestra-fotografica-un-viaje-autodidacta\/#breadcrumb\",\"itemListElement\":[{\"@type\":\"ListItem\",\"position\":1,\"name\":\"Home\",\"item\":\"https:\/\/www.ude.edu.ar\/areacultural\/\"},{\"@type\":\"ListItem\",\"position\":2,\"name\":\"Muestra fotogr\u00e1fica &#8220;Un viaje autodidacta&#8221;\"}]},{\"@type\":\"WebSite\",\"@id\":\"https:\/\/www.ude.edu.ar\/areacultural\/#website\",\"url\":\"https:\/\/www.ude.edu.ar\/areacultural\/\",\"name\":\"UDE | \u00c1rea Cultural\",\"description\":\"\u00c1rea Cultural de la Universidad del Este\",\"potentialAction\":[{\"@type\":\"SearchAction\",\"target\":{\"@type\":\"EntryPoint\",\"urlTemplate\":\"https:\/\/www.ude.edu.ar\/areacultural\/?s={search_term_string}\"},\"query-input\":\"required name=search_term_string\"}],\"inLanguage\":\"es-AR\"},{\"@type\":\"Person\",\"@id\":\"https:\/\/www.ude.edu.ar\/areacultural\/#\/schema\/person\/1b5e3fb142db28f2317fe6ab4363e1ba\",\"name\":\"ude-admin\",\"image\":{\"@type\":\"ImageObject\",\"inLanguage\":\"es-AR\",\"@id\":\"https:\/\/www.ude.edu.ar\/areacultural\/#\/schema\/person\/image\/\",\"url\":\"https:\/\/www.ude.edu.ar\/areacultural\/wp-content\/uploads\/sites\/3\/2016\/04\/logo_512-96x96.jpg\",\"contentUrl\":\"https:\/\/www.ude.edu.ar\/areacultural\/wp-content\/uploads\/sites\/3\/2016\/04\/logo_512-96x96.jpg\",\"caption\":\"ude-admin\"},\"url\":\"https:\/\/www.ude.edu.ar\/areacultural\/author\/ude-admin\/\"}]}<\/script>\n<!-- \/ Yoast SEO plugin. -->","yoast_head_json":{"title":"Muestra fotogr\u00e1fica \"Un viaje autodidacta\" - UDE | \u00c1rea Cultural","robots":{"index":"index","follow":"follow","max-snippet":"max-snippet:-1","max-image-preview":"max-image-preview:large","max-video-preview":"max-video-preview:-1"},"canonical":"https:\/\/www.ude.edu.ar\/areacultural\/2023\/05\/31\/muestra-fotografica-un-viaje-autodidacta\/","og_locale":"es_ES","og_type":"article","og_title":"Muestra fotogr\u00e1fica \"Un viaje autodidacta\" - UDE | \u00c1rea Cultural","og_description":"Una oportunidad para apreciar la belleza de la fotograf\u00eda y para conocer el trabajo de artistas de nuestra ciudad. La exposici\u00f3n estuvo a cargo del artista Lucas Gonaldi. La misma fue acompa\u00f1ada por allegados del expositor, estudiantes y profesores de la UDE. En palabras del autor, Lucas Gonaldi &#8220;Esta exposici\u00f3n presenta una colecci\u00f3n de im\u00e1genes &hellip; Continuar leyendo \"Muestra fotogr\u00e1fica &#8220;Un viaje autodidacta&#8221;\"","og_url":"https:\/\/www.ude.edu.ar\/areacultural\/2023\/05\/31\/muestra-fotografica-un-viaje-autodidacta\/","og_site_name":"UDE | \u00c1rea Cultural","article_published_time":"2023-05-31T15:48:57+00:00","article_modified_time":"2024-05-10T15:57:41+00:00","og_image":[{"width":851,"height":251,"url":"https:\/\/www.ude.edu.ar\/areacultural\/wp-content\/uploads\/sites\/3\/2024\/05\/2023-05-31.png","type":"image\/png"}],"author":"ude-admin","twitter_card":"summary_large_image","twitter_misc":{"Escrito por":"ude-admin","Tiempo de lectura":"1 minuto"},"schema":{"@context":"https:\/\/schema.org","@graph":[{"@type":"WebPage","@id":"https:\/\/www.ude.edu.ar\/areacultural\/2023\/05\/31\/muestra-fotografica-un-viaje-autodidacta\/","url":"https:\/\/www.ude.edu.ar\/areacultural\/2023\/05\/31\/muestra-fotografica-un-viaje-autodidacta\/","name":"Muestra fotogr\u00e1fica \"Un viaje autodidacta\" - UDE | \u00c1rea Cultural","isPartOf":{"@id":"https:\/\/www.ude.edu.ar\/areacultural\/#website"},"primaryImageOfPage":{"@id":"https:\/\/www.ude.edu.ar\/areacultural\/2023\/05\/31\/muestra-fotografica-un-viaje-autodidacta\/#primaryimage"},"image":{"@id":"https:\/\/www.ude.edu.ar\/areacultural\/2023\/05\/31\/muestra-fotografica-un-viaje-autodidacta\/#primaryimage"},"thumbnailUrl":"https:\/\/www.ude.edu.ar\/areacultural\/wp-content\/uploads\/sites\/3\/2024\/05\/2023-05-31.png","datePublished":"2023-05-31T15:48:57+00:00","dateModified":"2024-05-10T15:57:41+00:00","author":{"@id":"https:\/\/www.ude.edu.ar\/areacultural\/#\/schema\/person\/1b5e3fb142db28f2317fe6ab4363e1ba"},"breadcrumb":{"@id":"https:\/\/www.ude.edu.ar\/areacultural\/2023\/05\/31\/muestra-fotografica-un-viaje-autodidacta\/#breadcrumb"},"inLanguage":"es-AR","potentialAction":[{"@type":"ReadAction","target":["https:\/\/www.ude.edu.ar\/areacultural\/2023\/05\/31\/muestra-fotografica-un-viaje-autodidacta\/"]}]},{"@type":"ImageObject","inLanguage":"es-AR","@id":"https:\/\/www.ude.edu.ar\/areacultural\/2023\/05\/31\/muestra-fotografica-un-viaje-autodidacta\/#primaryimage","url":"https:\/\/www.ude.edu.ar\/areacultural\/wp-content\/uploads\/sites\/3\/2024\/05\/2023-05-31.png","contentUrl":"https:\/\/www.ude.edu.ar\/areacultural\/wp-content\/uploads\/sites\/3\/2024\/05\/2023-05-31.png","width":851,"height":251},{"@type":"BreadcrumbList","@id":"https:\/\/www.ude.edu.ar\/areacultural\/2023\/05\/31\/muestra-fotografica-un-viaje-autodidacta\/#breadcrumb","itemListElement":[{"@type":"ListItem","position":1,"name":"Home","item":"https:\/\/www.ude.edu.ar\/areacultural\/"},{"@type":"ListItem","position":2,"name":"Muestra fotogr\u00e1fica &#8220;Un viaje autodidacta&#8221;"}]},{"@type":"WebSite","@id":"https:\/\/www.ude.edu.ar\/areacultural\/#website","url":"https:\/\/www.ude.edu.ar\/areacultural\/","name":"UDE | \u00c1rea Cultural","description":"\u00c1rea Cultural de la Universidad del Este","potentialAction":[{"@type":"SearchAction","target":{"@type":"EntryPoint","urlTemplate":"https:\/\/www.ude.edu.ar\/areacultural\/?s={search_term_string}"},"query-input":"required name=search_term_string"}],"inLanguage":"es-AR"},{"@type":"Person","@id":"https:\/\/www.ude.edu.ar\/areacultural\/#\/schema\/person\/1b5e3fb142db28f2317fe6ab4363e1ba","name":"ude-admin","image":{"@type":"ImageObject","inLanguage":"es-AR","@id":"https:\/\/www.ude.edu.ar\/areacultural\/#\/schema\/person\/image\/","url":"https:\/\/www.ude.edu.ar\/areacultural\/wp-content\/uploads\/sites\/3\/2016\/04\/logo_512-96x96.jpg","contentUrl":"https:\/\/www.ude.edu.ar\/areacultural\/wp-content\/uploads\/sites\/3\/2016\/04\/logo_512-96x96.jpg","caption":"ude-admin"},"url":"https:\/\/www.ude.edu.ar\/areacultural\/author\/ude-admin\/"}]}},"_links":{"self":[{"href":"https:\/\/www.ude.edu.ar\/areacultural\/wp-json\/wp\/v2\/posts\/1359"}],"collection":[{"href":"https:\/\/www.ude.edu.ar\/areacultural\/wp-json\/wp\/v2\/posts"}],"about":[{"href":"https:\/\/www.ude.edu.ar\/areacultural\/wp-json\/wp\/v2\/types\/post"}],"author":[{"embeddable":true,"href":"https:\/\/www.ude.edu.ar\/areacultural\/wp-json\/wp\/v2\/users\/2"}],"replies":[{"embeddable":true,"href":"https:\/\/www.ude.edu.ar\/areacultural\/wp-json\/wp\/v2\/comments?post=1359"}],"version-history":[{"count":2,"href":"https:\/\/www.ude.edu.ar\/areacultural\/wp-json\/wp\/v2\/posts\/1359\/revisions"}],"predecessor-version":[{"id":1370,"href":"https:\/\/www.ude.edu.ar\/areacultural\/wp-json\/wp\/v2\/posts\/1359\/revisions\/1370"}],"wp:featuredmedia":[{"embeddable":true,"href":"https:\/\/www.ude.edu.ar\/areacultural\/wp-json\/wp\/v2\/media\/1361"}],"wp:attachment":[{"href":"https:\/\/www.ude.edu.ar\/areacultural\/wp-json\/wp\/v2\/media?parent=1359"}],"wp:term":[{"taxonomy":"category","embeddable":true,"href":"https:\/\/www.ude.edu.ar\/areacultural\/wp-json\/wp\/v2\/categories?post=1359"},{"taxonomy":"post_tag","embeddable":true,"href":"https:\/\/www.ude.edu.ar\/areacultural\/wp-json\/wp\/v2\/tags?post=1359"}],"curies":[{"name":"wp","href":"https:\/\/api.w.org\/{rel}","templated":true}]}}