{"id":1077,"date":"2019-09-03T10:11:17","date_gmt":"2019-09-03T13:11:17","guid":{"rendered":"https:\/\/www.ude.edu.ar\/areacultural\/?p=1077"},"modified":"2019-09-03T10:12:50","modified_gmt":"2019-09-03T13:12:50","slug":"miercoles-culturales-2","status":"publish","type":"post","link":"https:\/\/www.ude.edu.ar\/areacultural\/2019\/09\/03\/miercoles-culturales-2\/","title":{"rendered":"Mi\u00e9rcoles culturales #2"},"content":{"rendered":"<p><img loading=\"lazy\" decoding=\"async\" class=\"alignnone wp-image-1078\" src=\"https:\/\/www.ude.edu.ar\/areacultural\/wp-content\/uploads\/sites\/3\/2019\/09\/web-banner-300x61.png\" alt=\"\" width=\"689\" height=\"140\" srcset=\"https:\/\/www.ude.edu.ar\/areacultural\/wp-content\/uploads\/sites\/3\/2019\/09\/web-banner-300x61.png 300w, https:\/\/www.ude.edu.ar\/areacultural\/wp-content\/uploads\/sites\/3\/2019\/09\/web-banner-1024x209.png 1024w, https:\/\/www.ude.edu.ar\/areacultural\/wp-content\/uploads\/sites\/3\/2019\/09\/web-banner-1200x244.png 1200w, https:\/\/www.ude.edu.ar\/areacultural\/wp-content\/uploads\/sites\/3\/2019\/09\/web-banner.png 1768w\" sizes=\"(max-width: 709px) 85vw, (max-width: 909px) 67vw, (max-width: 984px) 61vw, (max-width: 1362px) 45vw, 600px\" \/><\/p>\n<p><span style=\"font-family: Calibri, sans-serif;\">En esta segunda edici\u00f3n de Mi\u00e9rcoles Culturales UDE disfrutamos de una noche con m\u00fasica en vivo a cargo de la banda\u00a0HAMBURGO 60<\/span><\/p>\n<p><img loading=\"lazy\" decoding=\"async\" class=\"alignnone wp-image-1079\" src=\"https:\/\/www.ude.edu.ar\/areacultural\/wp-content\/uploads\/sites\/3\/2019\/09\/feed-01-240x300.jpg\" alt=\"\" width=\"267\" height=\"333\" srcset=\"https:\/\/www.ude.edu.ar\/areacultural\/wp-content\/uploads\/sites\/3\/2019\/09\/feed-01-240x300.jpg 240w, https:\/\/www.ude.edu.ar\/areacultural\/wp-content\/uploads\/sites\/3\/2019\/09\/feed-01-819x1024.jpg 819w, https:\/\/www.ude.edu.ar\/areacultural\/wp-content\/uploads\/sites\/3\/2019\/09\/feed-01.jpg 1080w\" sizes=\"(max-width: 267px) 85vw, 267px\" \/> <img loading=\"lazy\" decoding=\"async\" class=\"alignnone wp-image-1080\" src=\"https:\/\/www.ude.edu.ar\/areacultural\/wp-content\/uploads\/sites\/3\/2019\/09\/feed-02-240x300.jpg\" alt=\"\" width=\"270\" height=\"338\" srcset=\"https:\/\/www.ude.edu.ar\/areacultural\/wp-content\/uploads\/sites\/3\/2019\/09\/feed-02-240x300.jpg 240w, https:\/\/www.ude.edu.ar\/areacultural\/wp-content\/uploads\/sites\/3\/2019\/09\/feed-02-819x1024.jpg 819w, https:\/\/www.ude.edu.ar\/areacultural\/wp-content\/uploads\/sites\/3\/2019\/09\/feed-02.jpg 1080w\" sizes=\"(max-width: 270px) 85vw, 270px\" \/> <img loading=\"lazy\" decoding=\"async\" class=\"alignnone wp-image-1081\" src=\"https:\/\/www.ude.edu.ar\/areacultural\/wp-content\/uploads\/sites\/3\/2019\/09\/feed-03-240x300.jpg\" alt=\"\" width=\"268\" height=\"335\" srcset=\"https:\/\/www.ude.edu.ar\/areacultural\/wp-content\/uploads\/sites\/3\/2019\/09\/feed-03-240x300.jpg 240w, https:\/\/www.ude.edu.ar\/areacultural\/wp-content\/uploads\/sites\/3\/2019\/09\/feed-03-819x1024.jpg 819w, https:\/\/www.ude.edu.ar\/areacultural\/wp-content\/uploads\/sites\/3\/2019\/09\/feed-03.jpg 1080w\" sizes=\"(max-width: 268px) 85vw, 268px\" \/> <img loading=\"lazy\" decoding=\"async\" class=\"alignnone wp-image-1082\" src=\"https:\/\/www.ude.edu.ar\/areacultural\/wp-content\/uploads\/sites\/3\/2019\/09\/feed-04-240x300.jpg\" alt=\"\" width=\"269\" height=\"335\" srcset=\"https:\/\/www.ude.edu.ar\/areacultural\/wp-content\/uploads\/sites\/3\/2019\/09\/feed-04-240x300.jpg 240w, https:\/\/www.ude.edu.ar\/areacultural\/wp-content\/uploads\/sites\/3\/2019\/09\/feed-04-819x1024.jpg 819w, https:\/\/www.ude.edu.ar\/areacultural\/wp-content\/uploads\/sites\/3\/2019\/09\/feed-04.jpg 1080w\" sizes=\"(max-width: 269px) 85vw, 269px\" \/> <img loading=\"lazy\" decoding=\"async\" class=\"alignnone wp-image-1083\" src=\"https:\/\/www.ude.edu.ar\/areacultural\/wp-content\/uploads\/sites\/3\/2019\/09\/feed-05-240x300.jpg\" alt=\"\" width=\"267\" height=\"334\" srcset=\"https:\/\/www.ude.edu.ar\/areacultural\/wp-content\/uploads\/sites\/3\/2019\/09\/feed-05-240x300.jpg 240w, https:\/\/www.ude.edu.ar\/areacultural\/wp-content\/uploads\/sites\/3\/2019\/09\/feed-05-819x1024.jpg 819w, https:\/\/www.ude.edu.ar\/areacultural\/wp-content\/uploads\/sites\/3\/2019\/09\/feed-05.jpg 1080w\" sizes=\"(max-width: 267px) 85vw, 267px\" \/> <img loading=\"lazy\" decoding=\"async\" class=\"alignnone wp-image-1084\" src=\"https:\/\/www.ude.edu.ar\/areacultural\/wp-content\/uploads\/sites\/3\/2019\/09\/feed-06-240x300.jpg\" alt=\"\" width=\"270\" height=\"338\" srcset=\"https:\/\/www.ude.edu.ar\/areacultural\/wp-content\/uploads\/sites\/3\/2019\/09\/feed-06-240x300.jpg 240w, https:\/\/www.ude.edu.ar\/areacultural\/wp-content\/uploads\/sites\/3\/2019\/09\/feed-06-819x1024.jpg 819w, https:\/\/www.ude.edu.ar\/areacultural\/wp-content\/uploads\/sites\/3\/2019\/09\/feed-06.jpg 1080w\" sizes=\"(max-width: 270px) 85vw, 270px\" \/> <img loading=\"lazy\" decoding=\"async\" class=\"alignnone wp-image-1085\" src=\"https:\/\/www.ude.edu.ar\/areacultural\/wp-content\/uploads\/sites\/3\/2019\/09\/history-01-143x300.jpg\" alt=\"\" width=\"188\" height=\"394\" srcset=\"https:\/\/www.ude.edu.ar\/areacultural\/wp-content\/uploads\/sites\/3\/2019\/09\/history-01-143x300.jpg 143w, https:\/\/www.ude.edu.ar\/areacultural\/wp-content\/uploads\/sites\/3\/2019\/09\/history-01-489x1024.jpg 489w, https:\/\/www.ude.edu.ar\/areacultural\/wp-content\/uploads\/sites\/3\/2019\/09\/history-01.jpg 1080w\" sizes=\"(max-width: 188px) 85vw, 188px\" \/> <img loading=\"lazy\" decoding=\"async\" class=\"alignnone wp-image-1086\" src=\"https:\/\/www.ude.edu.ar\/areacultural\/wp-content\/uploads\/sites\/3\/2019\/09\/history-02-143x300.jpg\" alt=\"\" width=\"190\" height=\"399\" srcset=\"https:\/\/www.ude.edu.ar\/areacultural\/wp-content\/uploads\/sites\/3\/2019\/09\/history-02-143x300.jpg 143w, https:\/\/www.ude.edu.ar\/areacultural\/wp-content\/uploads\/sites\/3\/2019\/09\/history-02-489x1024.jpg 489w, https:\/\/www.ude.edu.ar\/areacultural\/wp-content\/uploads\/sites\/3\/2019\/09\/history-02.jpg 1080w\" sizes=\"(max-width: 190px) 85vw, 190px\" \/> <img loading=\"lazy\" decoding=\"async\" class=\"alignnone wp-image-1087\" src=\"https:\/\/www.ude.edu.ar\/areacultural\/wp-content\/uploads\/sites\/3\/2019\/09\/history-03-143x300.jpg\" alt=\"\" width=\"189\" height=\"397\" srcset=\"https:\/\/www.ude.edu.ar\/areacultural\/wp-content\/uploads\/sites\/3\/2019\/09\/history-03-143x300.jpg 143w, https:\/\/www.ude.edu.ar\/areacultural\/wp-content\/uploads\/sites\/3\/2019\/09\/history-03-489x1024.jpg 489w, https:\/\/www.ude.edu.ar\/areacultural\/wp-content\/uploads\/sites\/3\/2019\/09\/history-03.jpg 1080w\" sizes=\"(max-width: 189px) 85vw, 189px\" \/><\/p>\n<p>HAMBURGO 60 (<span style=\"color: #993366;\"><a style=\"color: #993366;\" href=\"https:\/\/www.instagram.com\/hamburgo.60\/?hl=es-la\">Instagram<\/a>)\u00a0<\/span>es un grupo integrado por m\u00fasicos j\u00f3venes de la ciudad\u00a0 de La\u00a0Plata. Su repertorio esta compuesto por covers y temas propios con\u00a0influencias del Rock Indie y una somera reminisencia de los Beatles y los Rolling Stones.<\/p>\n<h5>Integrantes del grupo<\/h5>\n<ul>\n<li><span style=\"font-family: Calibri, sans-serif;\">Guitarra electroac\u00fastica y voz \/ <\/span><span style=\"font-family: Calibri, sans-serif;\"><b>Julio Bardi<\/b><\/span><\/li>\n<li><b><\/b><span style=\"font-family: Calibri, sans-serif;\">Guitarra electroac\u00fastica y voz \/ <\/span><span style=\"font-family: Calibri, sans-serif;\"><b>Francisco Bezzi<\/b><\/span><\/li>\n<li><span style=\"font-family: Calibri, sans-serif;\">Bajo y voz \/ <\/span><span style=\"font-family: Calibri, sans-serif;\"><b>Santiago de Felipe<\/b><\/span><\/li>\n<li><span style=\"font-family: Calibri, sans-serif;\">Percusi\u00f3n \/ <\/span><span style=\"font-family: Calibri, sans-serif;\"><b>Nicol\u00e1s Porzio<\/b><\/span><\/li>\n<\/ul>\n<h5>Covers + temas propios<\/h5>\n","protected":false},"excerpt":{"rendered":"<p>En esta segunda edici\u00f3n de Mi\u00e9rcoles Culturales UDE disfrutamos de una noche con m\u00fasica en vivo a cargo de la banda\u00a0HAMBURGO 60 HAMBURGO 60 (Instagram)\u00a0es un grupo integrado por m\u00fasicos j\u00f3venes de la ciudad\u00a0 de La\u00a0Plata. Su repertorio esta compuesto por covers y temas propios con\u00a0influencias del Rock Indie y una somera reminisencia de los &hellip; <a href=\"https:\/\/www.ude.edu.ar\/areacultural\/2019\/09\/03\/miercoles-culturales-2\/\" class=\"more-link\">Continuar leyendo<span class=\"screen-reader-text\"> &#8220;Mi\u00e9rcoles culturales #2&#8221;<\/span><\/a><\/p>\n","protected":false},"author":2,"featured_media":0,"comment_status":"closed","ping_status":"closed","sticky":false,"template":"","format":"standard","meta":{"_acf_changed":false,"footnotes":""},"categories":[1],"tags":[],"acf":[],"yoast_head":"<!-- This site is optimized with the Yoast SEO plugin v22.8 - https:\/\/yoast.com\/wordpress\/plugins\/seo\/ -->\n<title>Mi\u00e9rcoles culturales #2 - UDE | \u00c1rea Cultural<\/title>\n<meta name=\"robots\" content=\"index, follow, max-snippet:-1, max-image-preview:large, max-video-preview:-1\" \/>\n<link rel=\"canonical\" href=\"https:\/\/www.ude.edu.ar\/areacultural\/2019\/09\/03\/miercoles-culturales-2\/\" \/>\n<meta property=\"og:locale\" content=\"es_ES\" \/>\n<meta property=\"og:type\" content=\"article\" \/>\n<meta property=\"og:title\" content=\"Mi\u00e9rcoles culturales #2 - UDE | \u00c1rea Cultural\" \/>\n<meta property=\"og:description\" content=\"En esta segunda edici\u00f3n de Mi\u00e9rcoles Culturales UDE disfrutamos de una noche con m\u00fasica en vivo a cargo de la banda\u00a0HAMBURGO 60 HAMBURGO 60 (Instagram)\u00a0es un grupo integrado por m\u00fasicos j\u00f3venes de la ciudad\u00a0 de La\u00a0Plata. Su repertorio esta compuesto por covers y temas propios con\u00a0influencias del Rock Indie y una somera reminisencia de los &hellip; Continuar leyendo &quot;Mi\u00e9rcoles culturales #2&quot;\" \/>\n<meta property=\"og:url\" content=\"https:\/\/www.ude.edu.ar\/areacultural\/2019\/09\/03\/miercoles-culturales-2\/\" \/>\n<meta property=\"og:site_name\" content=\"UDE | \u00c1rea Cultural\" \/>\n<meta property=\"article:published_time\" content=\"2019-09-03T13:11:17+00:00\" \/>\n<meta property=\"article:modified_time\" content=\"2019-09-03T13:12:50+00:00\" \/>\n<meta property=\"og:image\" content=\"https:\/\/www.ude.edu.ar\/areacultural\/wp-content\/uploads\/sites\/3\/2019\/09\/web-banner-300x61.png\" \/>\n<meta name=\"author\" content=\"ude-admin\" \/>\n<meta name=\"twitter:card\" content=\"summary_large_image\" \/>\n<meta name=\"twitter:label1\" content=\"Escrito por\" \/>\n\t<meta name=\"twitter:data1\" content=\"ude-admin\" \/>\n<script type=\"application\/ld+json\" class=\"yoast-schema-graph\">{\"@context\":\"https:\/\/schema.org\",\"@graph\":[{\"@type\":\"WebPage\",\"@id\":\"https:\/\/www.ude.edu.ar\/areacultural\/2019\/09\/03\/miercoles-culturales-2\/\",\"url\":\"https:\/\/www.ude.edu.ar\/areacultural\/2019\/09\/03\/miercoles-culturales-2\/\",\"name\":\"Mi\u00e9rcoles culturales #2 - UDE | \u00c1rea Cultural\",\"isPartOf\":{\"@id\":\"https:\/\/www.ude.edu.ar\/areacultural\/#website\"},\"primaryImageOfPage\":{\"@id\":\"https:\/\/www.ude.edu.ar\/areacultural\/2019\/09\/03\/miercoles-culturales-2\/#primaryimage\"},\"image\":{\"@id\":\"https:\/\/www.ude.edu.ar\/areacultural\/2019\/09\/03\/miercoles-culturales-2\/#primaryimage\"},\"thumbnailUrl\":\"https:\/\/www.ude.edu.ar\/areacultural\/wp-content\/uploads\/sites\/3\/2019\/09\/web-banner-300x61.png\",\"datePublished\":\"2019-09-03T13:11:17+00:00\",\"dateModified\":\"2019-09-03T13:12:50+00:00\",\"author\":{\"@id\":\"https:\/\/www.ude.edu.ar\/areacultural\/#\/schema\/person\/1b5e3fb142db28f2317fe6ab4363e1ba\"},\"breadcrumb\":{\"@id\":\"https:\/\/www.ude.edu.ar\/areacultural\/2019\/09\/03\/miercoles-culturales-2\/#breadcrumb\"},\"inLanguage\":\"es-AR\",\"potentialAction\":[{\"@type\":\"ReadAction\",\"target\":[\"https:\/\/www.ude.edu.ar\/areacultural\/2019\/09\/03\/miercoles-culturales-2\/\"]}]},{\"@type\":\"ImageObject\",\"inLanguage\":\"es-AR\",\"@id\":\"https:\/\/www.ude.edu.ar\/areacultural\/2019\/09\/03\/miercoles-culturales-2\/#primaryimage\",\"url\":\"https:\/\/www.ude.edu.ar\/areacultural\/wp-content\/uploads\/sites\/3\/2019\/09\/web-banner.png\",\"contentUrl\":\"https:\/\/www.ude.edu.ar\/areacultural\/wp-content\/uploads\/sites\/3\/2019\/09\/web-banner.png\",\"width\":1768,\"height\":360},{\"@type\":\"BreadcrumbList\",\"@id\":\"https:\/\/www.ude.edu.ar\/areacultural\/2019\/09\/03\/miercoles-culturales-2\/#breadcrumb\",\"itemListElement\":[{\"@type\":\"ListItem\",\"position\":1,\"name\":\"Home\",\"item\":\"https:\/\/www.ude.edu.ar\/areacultural\/\"},{\"@type\":\"ListItem\",\"position\":2,\"name\":\"Mi\u00e9rcoles culturales #2\"}]},{\"@type\":\"WebSite\",\"@id\":\"https:\/\/www.ude.edu.ar\/areacultural\/#website\",\"url\":\"https:\/\/www.ude.edu.ar\/areacultural\/\",\"name\":\"UDE | \u00c1rea Cultural\",\"description\":\"\u00c1rea Cultural de la Universidad del Este\",\"potentialAction\":[{\"@type\":\"SearchAction\",\"target\":{\"@type\":\"EntryPoint\",\"urlTemplate\":\"https:\/\/www.ude.edu.ar\/areacultural\/?s={search_term_string}\"},\"query-input\":\"required name=search_term_string\"}],\"inLanguage\":\"es-AR\"},{\"@type\":\"Person\",\"@id\":\"https:\/\/www.ude.edu.ar\/areacultural\/#\/schema\/person\/1b5e3fb142db28f2317fe6ab4363e1ba\",\"name\":\"ude-admin\",\"image\":{\"@type\":\"ImageObject\",\"inLanguage\":\"es-AR\",\"@id\":\"https:\/\/www.ude.edu.ar\/areacultural\/#\/schema\/person\/image\/\",\"url\":\"https:\/\/www.ude.edu.ar\/areacultural\/wp-content\/uploads\/sites\/3\/2016\/04\/logo_512-96x96.jpg\",\"contentUrl\":\"https:\/\/www.ude.edu.ar\/areacultural\/wp-content\/uploads\/sites\/3\/2016\/04\/logo_512-96x96.jpg\",\"caption\":\"ude-admin\"},\"url\":\"https:\/\/www.ude.edu.ar\/areacultural\/author\/ude-admin\/\"}]}<\/script>\n<!-- \/ Yoast SEO plugin. -->","yoast_head_json":{"title":"Mi\u00e9rcoles culturales #2 - UDE | \u00c1rea Cultural","robots":{"index":"index","follow":"follow","max-snippet":"max-snippet:-1","max-image-preview":"max-image-preview:large","max-video-preview":"max-video-preview:-1"},"canonical":"https:\/\/www.ude.edu.ar\/areacultural\/2019\/09\/03\/miercoles-culturales-2\/","og_locale":"es_ES","og_type":"article","og_title":"Mi\u00e9rcoles culturales #2 - UDE | \u00c1rea Cultural","og_description":"En esta segunda edici\u00f3n de Mi\u00e9rcoles Culturales UDE disfrutamos de una noche con m\u00fasica en vivo a cargo de la banda\u00a0HAMBURGO 60 HAMBURGO 60 (Instagram)\u00a0es un grupo integrado por m\u00fasicos j\u00f3venes de la ciudad\u00a0 de La\u00a0Plata. Su repertorio esta compuesto por covers y temas propios con\u00a0influencias del Rock Indie y una somera reminisencia de los &hellip; Continuar leyendo \"Mi\u00e9rcoles culturales #2\"","og_url":"https:\/\/www.ude.edu.ar\/areacultural\/2019\/09\/03\/miercoles-culturales-2\/","og_site_name":"UDE | \u00c1rea Cultural","article_published_time":"2019-09-03T13:11:17+00:00","article_modified_time":"2019-09-03T13:12:50+00:00","og_image":[{"url":"https:\/\/www.ude.edu.ar\/areacultural\/wp-content\/uploads\/sites\/3\/2019\/09\/web-banner-300x61.png"}],"author":"ude-admin","twitter_card":"summary_large_image","twitter_misc":{"Escrito por":"ude-admin"},"schema":{"@context":"https:\/\/schema.org","@graph":[{"@type":"WebPage","@id":"https:\/\/www.ude.edu.ar\/areacultural\/2019\/09\/03\/miercoles-culturales-2\/","url":"https:\/\/www.ude.edu.ar\/areacultural\/2019\/09\/03\/miercoles-culturales-2\/","name":"Mi\u00e9rcoles culturales #2 - UDE | \u00c1rea Cultural","isPartOf":{"@id":"https:\/\/www.ude.edu.ar\/areacultural\/#website"},"primaryImageOfPage":{"@id":"https:\/\/www.ude.edu.ar\/areacultural\/2019\/09\/03\/miercoles-culturales-2\/#primaryimage"},"image":{"@id":"https:\/\/www.ude.edu.ar\/areacultural\/2019\/09\/03\/miercoles-culturales-2\/#primaryimage"},"thumbnailUrl":"https:\/\/www.ude.edu.ar\/areacultural\/wp-content\/uploads\/sites\/3\/2019\/09\/web-banner-300x61.png","datePublished":"2019-09-03T13:11:17+00:00","dateModified":"2019-09-03T13:12:50+00:00","author":{"@id":"https:\/\/www.ude.edu.ar\/areacultural\/#\/schema\/person\/1b5e3fb142db28f2317fe6ab4363e1ba"},"breadcrumb":{"@id":"https:\/\/www.ude.edu.ar\/areacultural\/2019\/09\/03\/miercoles-culturales-2\/#breadcrumb"},"inLanguage":"es-AR","potentialAction":[{"@type":"ReadAction","target":["https:\/\/www.ude.edu.ar\/areacultural\/2019\/09\/03\/miercoles-culturales-2\/"]}]},{"@type":"ImageObject","inLanguage":"es-AR","@id":"https:\/\/www.ude.edu.ar\/areacultural\/2019\/09\/03\/miercoles-culturales-2\/#primaryimage","url":"https:\/\/www.ude.edu.ar\/areacultural\/wp-content\/uploads\/sites\/3\/2019\/09\/web-banner.png","contentUrl":"https:\/\/www.ude.edu.ar\/areacultural\/wp-content\/uploads\/sites\/3\/2019\/09\/web-banner.png","width":1768,"height":360},{"@type":"BreadcrumbList","@id":"https:\/\/www.ude.edu.ar\/areacultural\/2019\/09\/03\/miercoles-culturales-2\/#breadcrumb","itemListElement":[{"@type":"ListItem","position":1,"name":"Home","item":"https:\/\/www.ude.edu.ar\/areacultural\/"},{"@type":"ListItem","position":2,"name":"Mi\u00e9rcoles culturales #2"}]},{"@type":"WebSite","@id":"https:\/\/www.ude.edu.ar\/areacultural\/#website","url":"https:\/\/www.ude.edu.ar\/areacultural\/","name":"UDE | \u00c1rea Cultural","description":"\u00c1rea Cultural de la Universidad del Este","potentialAction":[{"@type":"SearchAction","target":{"@type":"EntryPoint","urlTemplate":"https:\/\/www.ude.edu.ar\/areacultural\/?s={search_term_string}"},"query-input":"required name=search_term_string"}],"inLanguage":"es-AR"},{"@type":"Person","@id":"https:\/\/www.ude.edu.ar\/areacultural\/#\/schema\/person\/1b5e3fb142db28f2317fe6ab4363e1ba","name":"ude-admin","image":{"@type":"ImageObject","inLanguage":"es-AR","@id":"https:\/\/www.ude.edu.ar\/areacultural\/#\/schema\/person\/image\/","url":"https:\/\/www.ude.edu.ar\/areacultural\/wp-content\/uploads\/sites\/3\/2016\/04\/logo_512-96x96.jpg","contentUrl":"https:\/\/www.ude.edu.ar\/areacultural\/wp-content\/uploads\/sites\/3\/2016\/04\/logo_512-96x96.jpg","caption":"ude-admin"},"url":"https:\/\/www.ude.edu.ar\/areacultural\/author\/ude-admin\/"}]}},"_links":{"self":[{"href":"https:\/\/www.ude.edu.ar\/areacultural\/wp-json\/wp\/v2\/posts\/1077"}],"collection":[{"href":"https:\/\/www.ude.edu.ar\/areacultural\/wp-json\/wp\/v2\/posts"}],"about":[{"href":"https:\/\/www.ude.edu.ar\/areacultural\/wp-json\/wp\/v2\/types\/post"}],"author":[{"embeddable":true,"href":"https:\/\/www.ude.edu.ar\/areacultural\/wp-json\/wp\/v2\/users\/2"}],"replies":[{"embeddable":true,"href":"https:\/\/www.ude.edu.ar\/areacultural\/wp-json\/wp\/v2\/comments?post=1077"}],"version-history":[{"count":7,"href":"https:\/\/www.ude.edu.ar\/areacultural\/wp-json\/wp\/v2\/posts\/1077\/revisions"}],"predecessor-version":[{"id":1094,"href":"https:\/\/www.ude.edu.ar\/areacultural\/wp-json\/wp\/v2\/posts\/1077\/revisions\/1094"}],"wp:attachment":[{"href":"https:\/\/www.ude.edu.ar\/areacultural\/wp-json\/wp\/v2\/media?parent=1077"}],"wp:term":[{"taxonomy":"category","embeddable":true,"href":"https:\/\/www.ude.edu.ar\/areacultural\/wp-json\/wp\/v2\/categories?post=1077"},{"taxonomy":"post_tag","embeddable":true,"href":"https:\/\/www.ude.edu.ar\/areacultural\/wp-json\/wp\/v2\/tags?post=1077"}],"curies":[{"name":"wp","href":"https:\/\/api.w.org\/{rel}","templated":true}]}}